{"id":106758,"date":"2024-03-25T09:13:03","date_gmt":"2024-03-25T12:13:03","guid":{"rendered":"https:\/\/blogdoedvaldomagalhaes.com.br\/?p=106758"},"modified":"2024-03-25T09:13:04","modified_gmt":"2024-03-25T12:13:04","slug":"caruaru-a-paixao-comeca-aqui-confira-a-programacao-da-semana-santa","status":"publish","type":"post","link":"https:\/\/blogdoedvaldomagalhaes.com.br\/index.php\/2024\/03\/25\/caruaru-a-paixao-comeca-aqui-confira-a-programacao-da-semana-santa\/","title":{"rendered":"Caruaru &#8211; A Paix\u00e3o Come\u00e7a Aqui; Confira a programa\u00e7\u00e3o da Semana Santa"},"content":{"rendered":"<p>A Funda\u00e7\u00e3o de Cultura de Caruaru (FCC), realizou uma reuni\u00e3o intersetorial para definir os \u00faltimos ajustes da programa\u00e7\u00e3o da Semana Santa. J\u00e1 consolidado no calend\u00e1rio de eventos anuais do munic\u00edpio e da regi\u00e3o, o Caruaru &#8211; A Paix\u00e3o Come\u00e7a Aqui ser\u00e1 realizado entre os dias 28 e 30 de mar\u00e7o.<\/p>\n<p>Pessoas ligadas \u00e0s Secretarias de Educa\u00e7\u00e3o e Esportes (Seduc), de Ordem P\u00fablica (Secop), de Desenvolvimento Social e Direitos Humanos (SDSDH) e da Autarquia de Mobilidade, Tr\u00e2nsito e Transporte (AMTCC) estiveram presentes, assim como representantes das pol\u00edcias Militar (PM) e Rodovi\u00e1ria Federal (PRF).<\/p>\n<p>A reuni\u00e3o ocorreu na sede da FCC. Para o presidente da Funda\u00e7\u00e3o, H\u00e9rlon Cavalcanti, o este tipo de encontro \u00e9 fundamental para garantir a seguran\u00e7a e o sucesso do evento: \u201cTodas as a\u00e7\u00f5es da Funda\u00e7\u00e3o em parceria com as outras secretarias e \u00f3rg\u00e3os precisam de reuni\u00f5es como esta. \u00c9 por meio delas que conseguimos prever poss\u00edveis erros e deixar tudo alinhado para que todos e todas possam aproveitar a programa\u00e7\u00e3o que preparamos com muito cuidado e carinho\u201d. <\/p>\n<p>Confira abaixo a programa\u00e7\u00e3o completa de cada um dos polos da Semana Santa:<\/p>\n<p>*Polo Mestre Dila &#8211; Feira de Artesanato*<br \/>\n_Dia 28 (quinta-feira)_<br \/>\n10h &#8211; Casal de Dan\u00e7arinos &#8211; Recepcionando turistas na Feira<br \/>\n11h &#8211; Trio As Ful\u00f4<br \/>\n12h30 &#8211; Banda de P\u00edfanos Nossa Senhora das Gra\u00e7as<br \/>\n14h &#8211; Banda Bonecos de Barro<\/p>\n<p>_Dia 29 (sexta-feira)_<br \/>\n9h &#8211; Oficina de artes figurativas &#8211; Mestras: Socorro Rodrigues, Nicinha Ot\u00edlia e Marg\u00f4<br \/>\n10h &#8211; Batalh\u00e3o de Bacamarteiros 27 (circulando na Feira)<br \/>\n11h &#8211; Show de declama\u00e7\u00e3o: Jefferson Moises e Dorge Tabosa<br \/>\n12h &#8211; Dupla de repentistas: Jo\u00e3o Louren\u00e7o e Hip\u00f3lito Moura<br \/>\n14h &#8211; Trio Caruara<\/p>\n<p>_Dia 30 (s\u00e1bado)_<br \/>\n10h &#8211; Jo\u00e3o do Pife e Banda de P\u00edfanos 2 Irm\u00e3os (circulando na Feira)<br \/>\n10h &#8211; Casal de dan\u00e7arinos &#8211; Recepcionando os turistas na Feira<br \/>\n11h &#8211; Trio Vozes da Seca<br \/>\n12h &#8211; Dupla sertaneja: Ricarte e Rivaldo<br \/>\n14h &#8211;  Trio Fole de Ouro<br \/>\n16h &#8211; J\u00f4 Caruaru <\/p>\n<p>*Polo Instrumental Rildo Hora &#8211; Monte Bom Jesus*<br \/>\n_Dia 28 (quinta-feira)_<br \/>\n16h &#8211; Banda de P\u00edfanos Princesa do Agreste<br \/>\n18h &#8211; Joanatan Richard<\/p>\n<p>_Dia 29 (sexta-feira)_<br \/>\n16h &#8211; Valdemar Neto &#8211; Um canto Agreste<br \/>\n18h &#8211; Nika Macedo<\/p>\n<p>_Dia 30 (s\u00e1bado)_<br \/>\n16h &#8211; Grupo Ori Cia de Dan\u00e7a<br \/>\n18h &#8211; Carlinhos Pompom<\/p>\n<p>*Polo Est\u00e1tua de Lampi\u00e3o*<\/p>\n<p>_Dia 29 (sexta-feira)_<br \/>\n8h &#8211; Trio Os Vitalinos de Caruaru<br \/>\n10h &#8211; Grupo de dan\u00e7a Molecodrilha<br \/>\n12h &#8211;  Trio Tabajara <\/p>\n<p>*Polo da Esta\u00e7\u00e3o Ferrovi\u00e1ria*<\/p>\n<p>_Dia 29 (sexta-feira)_<br \/>\n20h &#8211; Grupo de Chorinho Cambuc\u00e1<br \/>\n22h &#8211; Jorge Vercillo<\/p>\n<p>_Dia 30 (s\u00e1bado)_<br \/>\n20h &#8211; Ri\u00e1h canta Gal Costa<br \/>\n22h &#8211; Gilliard<\/p>\n<p>*Polo Gonzaga de Terezinha &#8211; Alto do Moura*<\/p>\n<p>_Dia 28 (quinta-feira)_<br \/>\n10h &#8211; Trio Josi Brito<br \/>\n11h &#8211; Banda de P\u00edfanos: Cultural<br \/>\n12h &#8211; Mazurca P\u00e9 Quente do Alto do Moura<br \/>\n14h &#8211; Trio Remelexo <\/p>\n<p>_Dia 29 (sexta-feira)_<br \/>\n12h &#8211; Grupo de Dan\u00e7a Marcos Mercury<br \/>\n14h &#8211; Trio Vai Hoje<br \/>\n16h &#8211; Trio Santa Rosa<\/p>\n<p>_Dia 30 (s\u00e1bado)_<br \/>\n10h &#8211; Banda de P\u00edfanos Vitoriano Jovem<br \/>\n12h &#8211; Trio Preto do Leite<br \/>\n14h &#8211; Trio Forr\u00f3 Demais<br \/>\n16h &#8211; Batalh\u00e3o de Bacamarteiros 17 <\/p>\n<p>*Polo Casa Rosa*<\/p>\n<p>_Dia 29 (sexta-feira)_<br \/>\n11h30 &#8211; Tony Maciel<br \/>\n13h &#8211; Banda Cheiro de Sanfona part. Azulinho<br \/>\n15h &#8211; Gilvan Neves<\/p>\n<p>_Dia 30 (s\u00e1bado)_<br \/>\n13h &#8211; Renilda Cardoso<br \/>\n15h &#8211; Walmir Silva <\/p>\n<p>_Dia 31 (domingo)_<br \/>\n13h &#8211; Forr\u00f3 de Cavaco<br \/>\n15h &#8211; L\u00e9o Domingos.<br \/>\nFoto: Joalline Nascimento\/Secom\/PMC<\/p>\n<p>Seja seguidor do Instagram do Blog @blogdoedvaldomagalhaes<\/p>\n","protected":false},"excerpt":{"rendered":"<p>A Funda\u00e7\u00e3o de Cultura de Caruaru (FCC), realizou uma reuni\u00e3o intersetorial para definir os \u00faltimos ajustes da programa\u00e7\u00e3o da Semana&hellip;<\/p>\n","protected":false},"author":1,"featured_media":106759,"comment_status":"closed","ping_status":"open","sticky":false,"template":"","format":"standard","meta":{"footnotes":""},"categories":[14120],"tags":[29440,2,28801,3406,30080],"class_list":["post-106758","post","type-post","status-publish","format-standard","has-post-thumbnail","hentry","category-noticias","tag-blog-com-mais-visualizacao","tag-blog-do-edvaldo-magalhaes","tag-blog-mais-acessado","tag-caruaru","tag-caruaru-a-paixao-comeca-aqui-confira-a-programacao-da-semana-santa"],"_links":{"self":[{"href":"https:\/\/blogdoedvaldomagalhaes.com.br\/index.php\/wp-json\/wp\/v2\/posts\/106758","targetHints":{"allow":["GET"]}}],"collection":[{"href":"https:\/\/blogdoedvaldomagalhaes.com.br\/index.php\/wp-json\/wp\/v2\/posts"}],"about":[{"href":"https:\/\/blogdoedvaldomagalhaes.com.br\/index.php\/wp-json\/wp\/v2\/types\/post"}],"author":[{"embeddable":true,"href":"https:\/\/blogdoedvaldomagalhaes.com.br\/index.php\/wp-json\/wp\/v2\/users\/1"}],"replies":[{"embeddable":true,"href":"https:\/\/blogdoedvaldomagalhaes.com.br\/index.php\/wp-json\/wp\/v2\/comments?post=106758"}],"version-history":[{"count":1,"href":"https:\/\/blogdoedvaldomagalhaes.com.br\/index.php\/wp-json\/wp\/v2\/posts\/106758\/revisions"}],"predecessor-version":[{"id":106760,"href":"https:\/\/blogdoedvaldomagalhaes.com.br\/index.php\/wp-json\/wp\/v2\/posts\/106758\/revisions\/106760"}],"wp:featuredmedia":[{"embeddable":true,"href":"https:\/\/blogdoedvaldomagalhaes.com.br\/index.php\/wp-json\/wp\/v2\/media\/106759"}],"wp:attachment":[{"href":"https:\/\/blogdoedvaldomagalhaes.com.br\/index.php\/wp-json\/wp\/v2\/media?parent=106758"}],"wp:term":[{"taxonomy":"category","embeddable":true,"href":"https:\/\/blogdoedvaldomagalhaes.com.br\/index.php\/wp-json\/wp\/v2\/categories?post=106758"},{"taxonomy":"post_tag","embeddable":true,"href":"https:\/\/blogdoedvaldomagalhaes.com.br\/index.php\/wp-json\/wp\/v2\/tags?post=106758"}],"curies":[{"name":"wp","href":"https:\/\/api.w.org\/{rel}","templated":true}]}}