{"id":106755,"date":"2024-03-25T08:30:16","date_gmt":"2024-03-25T11:30:16","guid":{"rendered":"https:\/\/blogdoedvaldomagalhaes.com.br\/?p=106755"},"modified":"2024-03-25T08:30:17","modified_gmt":"2024-03-25T11:30:17","slug":"amttc-realiza-acoes-nas-escolas-da-rede-municipal-de-conscientizacao-no-transito","status":"publish","type":"post","link":"https:\/\/blogdoedvaldomagalhaes.com.br\/index.php\/2024\/03\/25\/amttc-realiza-acoes-nas-escolas-da-rede-municipal-de-conscientizacao-no-transito\/","title":{"rendered":"AMTTC realiza a\u00e7\u00f5es nas escolas da rede municipal de conscientiza\u00e7\u00e3o no tr\u00e2nsito"},"content":{"rendered":"<p>A prefeitura de Caruaru, por meio da Autarquia de Mobilidade, Tr\u00e2nsito e Transporte de Caruaru, realiza a\u00e7\u00f5es de implementa\u00e7\u00e3o da Educa\u00e7\u00e3o No Tr\u00e2nsito na rede p\u00fablica de ensino municipal. Essa a\u00e7\u00e3o vem sendo realizada de maneira constante.<\/p>\n<p>No projeto pol\u00edtico pedag\u00f3gico das escolas, por meio da capacita\u00e7\u00e3o para professores da Secretaria de Educa\u00e7\u00e3o de Caruaru, e da distribui\u00e7\u00e3o de material de apoio did\u00e1tico com a tem\u00e1tica \u201ccuidados no tr\u00e2nsito com nossas crian\u00e7as\u201d para os estudantes da Educa\u00e7\u00e3o B\u00e1sica e, tamb\u00e9m, nas modalidades da Educa\u00e7\u00e3o Especial e Educa\u00e7\u00e3o de Jovens e Adultos \u2013 EJA.<\/p>\n<p>Participaram desse momento educativo a coordenadora Edna Cez\u00e1rio, a professora Maria Aleir Galdino e alunos da educa\u00e7\u00e3o b\u00e1sica. Na ocasi\u00e3o, foi apresentado o projeto que os docentes da Escola T\u00e9cnica constru\u00edram com o tema \u201cTransitar \u00e9 conviver\u201d.<\/p>\n<p>Os arte-educadores e agentes de tr\u00e2nsito t\u00eam trabalhado para influenciar pais, professores e alunos da escola no tocante seguran\u00e7a vi\u00e1ria e diminui\u00e7\u00e3o das ocorr\u00eancias de sinistros, e, assim, evitar mais mortes no tr\u00e2nsito. Foto: Divulga\u00e7\u00e3o<\/p>\n<p>Seja seguidor do Instagram do Blog @blogdoedvaldomagalhaes<\/p>\n","protected":false},"excerpt":{"rendered":"<p>A prefeitura de Caruaru, por meio da Autarquia de Mobilidade, Tr\u00e2nsito e Transporte de Caruaru, realiza a\u00e7\u00f5es de implementa\u00e7\u00e3o da&hellip;<\/p>\n","protected":false},"author":1,"featured_media":106756,"comment_status":"closed","ping_status":"open","sticky":false,"template":"","format":"standard","meta":{"footnotes":""},"categories":[14120],"tags":[30079,29440,2,28801,3406],"class_list":["post-106755","post","type-post","status-publish","format-standard","has-post-thumbnail","hentry","category-noticias","tag-amttc-realiza-acoes-nas-escolas-da-rede-municipal-de-conscientizacao-no-transito","tag-blog-com-mais-visualizacao","tag-blog-do-edvaldo-magalhaes","tag-blog-mais-acessado","tag-caruaru"],"_links":{"self":[{"href":"https:\/\/blogdoedvaldomagalhaes.com.br\/index.php\/wp-json\/wp\/v2\/posts\/106755","targetHints":{"allow":["GET"]}}],"collection":[{"href":"https:\/\/blogdoedvaldomagalhaes.com.br\/index.php\/wp-json\/wp\/v2\/posts"}],"about":[{"href":"https:\/\/blogdoedvaldomagalhaes.com.br\/index.php\/wp-json\/wp\/v2\/types\/post"}],"author":[{"embeddable":true,"href":"https:\/\/blogdoedvaldomagalhaes.com.br\/index.php\/wp-json\/wp\/v2\/users\/1"}],"replies":[{"embeddable":true,"href":"https:\/\/blogdoedvaldomagalhaes.com.br\/index.php\/wp-json\/wp\/v2\/comments?post=106755"}],"version-history":[{"count":1,"href":"https:\/\/blogdoedvaldomagalhaes.com.br\/index.php\/wp-json\/wp\/v2\/posts\/106755\/revisions"}],"predecessor-version":[{"id":106757,"href":"https:\/\/blogdoedvaldomagalhaes.com.br\/index.php\/wp-json\/wp\/v2\/posts\/106755\/revisions\/106757"}],"wp:featuredmedia":[{"embeddable":true,"href":"https:\/\/blogdoedvaldomagalhaes.com.br\/index.php\/wp-json\/wp\/v2\/media\/106756"}],"wp:attachment":[{"href":"https:\/\/blogdoedvaldomagalhaes.com.br\/index.php\/wp-json\/wp\/v2\/media?parent=106755"}],"wp:term":[{"taxonomy":"category","embeddable":true,"href":"https:\/\/blogdoedvaldomagalhaes.com.br\/index.php\/wp-json\/wp\/v2\/categories?post=106755"},{"taxonomy":"post_tag","embeddable":true,"href":"https:\/\/blogdoedvaldomagalhaes.com.br\/index.php\/wp-json\/wp\/v2\/tags?post=106755"}],"curies":[{"name":"wp","href":"https:\/\/api.w.org\/{rel}","templated":true}]}}