{"id":106749,"date":"2024-03-24T13:54:57","date_gmt":"2024-03-24T16:54:57","guid":{"rendered":"https:\/\/blogdoedvaldomagalhaes.com.br\/?p=106749"},"modified":"2024-03-24T13:54:58","modified_gmt":"2024-03-24T16:54:58","slug":"pm-encontra-carro-depenado-e-devolve-ao-proprietario","status":"publish","type":"post","link":"https:\/\/blogdoedvaldomagalhaes.com.br\/index.php\/2024\/03\/24\/pm-encontra-carro-depenado-e-devolve-ao-proprietario\/","title":{"rendered":"PM encontra carro \u201cdepenado\u201d e devolve ao propriet\u00e1rio"},"content":{"rendered":"<p><span style=\"font-size: revert;\">Nesse s\u00e1bado (23.03), por volta de 14h30, o efetivo da GT15311, \u00a0foi acionado pela central de r\u00e1dio do 15\u00baBPM para fazer deslocamento at\u00e9 o S\u00edtio Or\u00f3, pois segundo den\u00fancias, um ve\u00edculo gol, cor branca, placas PFI6C18, estaria abandonado no local. O policiamento fez deslocamento ao endere\u00e7o constatando a veracidade da den\u00fancia. Ap\u00f3s consulta no sistema Pol\u00edcia \u00c1gil ficou comprovado a restri\u00e7\u00e3o para Roubo\/furto. O autom\u00f3vel estava parcialmente &#8220;depenado&#8221;, sem rodas, encosto do banco traseiro, tampa do cap\u00f4 e v\u00e1rias pe\u00e7as que comp\u00f5em o motor tamb\u00e9m foram retiradas.<br \/>\n<\/span><\/p>\n<p><span style=\"font-size: revert;\">Diante dos fatos, o efetivo policial manteve contato com a v\u00edtima W.J.D.S \u00a0que por sua vez acionou a seguradora que se dirigiram ao local da ocorr\u00eancia. A ocorr\u00eancia foi recepcionada na Delegacia de Plant\u00e3o de S\u00e3o Caetano local onde foi confeccionado um Boletim de Ocorr\u00eancia.<br \/>\nFoto: Divulga\u00e7\u00e3o\/PMPE<\/span><\/p>\n<p>Seja seguidor do Instagram do Blog @blogdoedvaldomagalhaes<\/p>\n","protected":false},"excerpt":{"rendered":"<p>Nesse s\u00e1bado (23.03), por volta de 14h30, o efetivo da GT15311, \u00a0foi acionado pela central de r\u00e1dio do 15\u00baBPM para&hellip;<\/p>\n","protected":false},"author":1,"featured_media":106750,"comment_status":"closed","ping_status":"open","sticky":false,"template":"","format":"standard","meta":{"footnotes":""},"categories":[14121],"tags":[29440,2,28801,3406,30078],"class_list":["post-106749","post","type-post","status-publish","format-standard","has-post-thumbnail","hentry","category-policial","tag-blog-com-mais-visualizacao","tag-blog-do-edvaldo-magalhaes","tag-blog-mais-acessado","tag-caruaru","tag-pm-encontra-carro-depenado-e-devolve-ao-proprietario"],"_links":{"self":[{"href":"https:\/\/blogdoedvaldomagalhaes.com.br\/index.php\/wp-json\/wp\/v2\/posts\/106749","targetHints":{"allow":["GET"]}}],"collection":[{"href":"https:\/\/blogdoedvaldomagalhaes.com.br\/index.php\/wp-json\/wp\/v2\/posts"}],"about":[{"href":"https:\/\/blogdoedvaldomagalhaes.com.br\/index.php\/wp-json\/wp\/v2\/types\/post"}],"author":[{"embeddable":true,"href":"https:\/\/blogdoedvaldomagalhaes.com.br\/index.php\/wp-json\/wp\/v2\/users\/1"}],"replies":[{"embeddable":true,"href":"https:\/\/blogdoedvaldomagalhaes.com.br\/index.php\/wp-json\/wp\/v2\/comments?post=106749"}],"version-history":[{"count":1,"href":"https:\/\/blogdoedvaldomagalhaes.com.br\/index.php\/wp-json\/wp\/v2\/posts\/106749\/revisions"}],"predecessor-version":[{"id":106751,"href":"https:\/\/blogdoedvaldomagalhaes.com.br\/index.php\/wp-json\/wp\/v2\/posts\/106749\/revisions\/106751"}],"wp:featuredmedia":[{"embeddable":true,"href":"https:\/\/blogdoedvaldomagalhaes.com.br\/index.php\/wp-json\/wp\/v2\/media\/106750"}],"wp:attachment":[{"href":"https:\/\/blogdoedvaldomagalhaes.com.br\/index.php\/wp-json\/wp\/v2\/media?parent=106749"}],"wp:term":[{"taxonomy":"category","embeddable":true,"href":"https:\/\/blogdoedvaldomagalhaes.com.br\/index.php\/wp-json\/wp\/v2\/categories?post=106749"},{"taxonomy":"post_tag","embeddable":true,"href":"https:\/\/blogdoedvaldomagalhaes.com.br\/index.php\/wp-json\/wp\/v2\/tags?post=106749"}],"curies":[{"name":"wp","href":"https:\/\/api.w.org\/{rel}","templated":true}]}}