{"id":106742,"date":"2024-03-24T11:38:01","date_gmt":"2024-03-24T14:38:01","guid":{"rendered":"https:\/\/blogdoedvaldomagalhaes.com.br\/?p=106742"},"modified":"2024-03-24T11:38:02","modified_gmt":"2024-03-24T14:38:02","slug":"seminario-pernambuco-em-desenvolvimento-em-caruaru-nesta-segunda-feira-25","status":"publish","type":"post","link":"https:\/\/blogdoedvaldomagalhaes.com.br\/index.php\/2024\/03\/24\/seminario-pernambuco-em-desenvolvimento-em-caruaru-nesta-segunda-feira-25\/","title":{"rendered":"Semin\u00e1rio Pernambuco em Desenvolvimento em Caruaru, nesta segunda-feira (25)"},"content":{"rendered":"<p>A Secretaria de Desenvolvimento Econ\u00f4mico, Turismo, Tecnologia e Economia Criativa (Sedetec),  em parceria com a Exatta Pesquisa e Consultoria, vai realizar o Semin\u00e1rio Pernambuco em Desenvolvimento. O evento ocorrer\u00e1 na segunda-feira (25), das 9h \u00e0s 12h15, no audit\u00f3rio da Federa\u00e7\u00e3o das Ind\u00fastrias do Estado de Pernambuco (Fiepe). A proposta do evento \u00e9 identificar potencialidades para o desenvolvimento do Estado. <\/p>\n<p>O semin\u00e1rio ter\u00e1 v\u00e1rios palestrantes, entre eles: a superintendente-geral do Instituto de Medicina Integral Professor Fernando Figueira \u2013 IMIP, Tereza Campos; o coordenador do Comit\u00ea de Log\u00edstica da Academia Nacional de Engenharia, Maur\u00edcio Pina; o consultor em Educa\u00e7\u00e3o Economista e Mestre em Gest\u00e3o P\u00fablica, com foco em Educa\u00e7\u00e3o, e ex-deputado federal, Raul Henry; e o diretor de Pessoas, Organiza\u00e7\u00e3o e Rela\u00e7\u00f5es Institucionais do Grupo Moura, Moacy Freitas. O evento ainda contar\u00e1 com  especialistas que ir\u00e3o divulgar a realidade e as potencialidades de Pernambuco. <\/p>\n<p>Seja seguidor do Instagram do Blog @blogdoedvaldomagalhaes<\/p>\n","protected":false},"excerpt":{"rendered":"<p>A Secretaria de Desenvolvimento Econ\u00f4mico, Turismo, Tecnologia e Economia Criativa (Sedetec), em parceria com a Exatta Pesquisa e Consultoria, vai&hellip;<\/p>\n","protected":false},"author":1,"featured_media":106743,"comment_status":"closed","ping_status":"open","sticky":false,"template":"","format":"standard","meta":{"footnotes":""},"categories":[14120],"tags":[29440,2,28801,3406,30075],"class_list":["post-106742","post","type-post","status-publish","format-standard","has-post-thumbnail","hentry","category-noticias","tag-blog-com-mais-visualizacao","tag-blog-do-edvaldo-magalhaes","tag-blog-mais-acessado","tag-caruaru","tag-seminario-pernambuco-em-desenvolvimento-em-caruaru-nesta-segunda-feira-25"],"_links":{"self":[{"href":"https:\/\/blogdoedvaldomagalhaes.com.br\/index.php\/wp-json\/wp\/v2\/posts\/106742","targetHints":{"allow":["GET"]}}],"collection":[{"href":"https:\/\/blogdoedvaldomagalhaes.com.br\/index.php\/wp-json\/wp\/v2\/posts"}],"about":[{"href":"https:\/\/blogdoedvaldomagalhaes.com.br\/index.php\/wp-json\/wp\/v2\/types\/post"}],"author":[{"embeddable":true,"href":"https:\/\/blogdoedvaldomagalhaes.com.br\/index.php\/wp-json\/wp\/v2\/users\/1"}],"replies":[{"embeddable":true,"href":"https:\/\/blogdoedvaldomagalhaes.com.br\/index.php\/wp-json\/wp\/v2\/comments?post=106742"}],"version-history":[{"count":1,"href":"https:\/\/blogdoedvaldomagalhaes.com.br\/index.php\/wp-json\/wp\/v2\/posts\/106742\/revisions"}],"predecessor-version":[{"id":106744,"href":"https:\/\/blogdoedvaldomagalhaes.com.br\/index.php\/wp-json\/wp\/v2\/posts\/106742\/revisions\/106744"}],"wp:featuredmedia":[{"embeddable":true,"href":"https:\/\/blogdoedvaldomagalhaes.com.br\/index.php\/wp-json\/wp\/v2\/media\/106743"}],"wp:attachment":[{"href":"https:\/\/blogdoedvaldomagalhaes.com.br\/index.php\/wp-json\/wp\/v2\/media?parent=106742"}],"wp:term":[{"taxonomy":"category","embeddable":true,"href":"https:\/\/blogdoedvaldomagalhaes.com.br\/index.php\/wp-json\/wp\/v2\/categories?post=106742"},{"taxonomy":"post_tag","embeddable":true,"href":"https:\/\/blogdoedvaldomagalhaes.com.br\/index.php\/wp-json\/wp\/v2\/tags?post=106742"}],"curies":[{"name":"wp","href":"https:\/\/api.w.org\/{rel}","templated":true}]}}