{"id":106736,"date":"2024-03-24T11:23:42","date_gmt":"2024-03-24T14:23:42","guid":{"rendered":"https:\/\/blogdoedvaldomagalhaes.com.br\/?p=106736"},"modified":"2024-03-24T11:23:43","modified_gmt":"2024-03-24T14:23:43","slug":"mutirao-de-negociacao-2024-uma-oportunidade-para-os-brasileiros-reestruturarem-suas-financas","status":"publish","type":"post","link":"https:\/\/blogdoedvaldomagalhaes.com.br\/index.php\/2024\/03\/24\/mutirao-de-negociacao-2024-uma-oportunidade-para-os-brasileiros-reestruturarem-suas-financas\/","title":{"rendered":"Mutir\u00e3o de Negocia\u00e7\u00e3o 2024: Uma oportunidade para os brasileiros reestruturarem suas finan\u00e7as"},"content":{"rendered":"<p>O Procon participa do Mutir\u00e3o de Negocia\u00e7\u00e3o e Orienta\u00e7\u00e3o Financeira 2024, promovido pela Federa\u00e7\u00e3o Brasileira de Bancos (Febraban) e institui\u00e7\u00f5es financeiras associadas, em colabora\u00e7\u00e3o com o Banco Central, a Secretaria Nacional do Consumidor (Senacon) e Procons de todo o pa\u00eds. Com essa a\u00e7\u00e3o, os brasileiros ter\u00e3o oportunidade de renegociar suas d\u00edvidas com bancos e financeiras em condi\u00e7\u00f5es especiais. O evento ocorre desde o dia 15 de mar\u00e7o e vai at\u00e9 15 de abril, com o objetivo de incentivar a redu\u00e7\u00e3o da inadimpl\u00eancia e do superendividamento da popula\u00e7\u00e3o.<\/p>\n<p>Em parceria com o Desenrola Brasil, o mutir\u00e3o busca facilitar o processo de renegocia\u00e7\u00e3o, oferecendo orienta\u00e7\u00e3o e condi\u00e7\u00f5es favor\u00e1veis para que os consumidores possam regularizar suas pend\u00eancias financeiras. Com isso, os participantes ter\u00e3o acesso a informa\u00e7\u00f5es sobre como proceder, os tipos de d\u00edvidas eleg\u00edveis para negocia\u00e7\u00e3o e dicas valiosas para uma negocia\u00e7\u00e3o bem-sucedida e para manter as finan\u00e7as em ordem ap\u00f3s o acordo.<\/p>\n<p>Os interessados em realizar esses tipos de negocia\u00e7\u00f5es, podem procurar o Procon Caruaru, que fica localizado na Rua Silvino Mac\u00eado, n\u00ba 71, Maur\u00edcio de Nassau.<br \/>\nFoto: Jorge Farias<\/p>\n<p>Seja seguidor do Instagram do Blog @blogdoedvaldomagalhaes<\/p>\n","protected":false},"excerpt":{"rendered":"<p>O Procon participa do Mutir\u00e3o de Negocia\u00e7\u00e3o e Orienta\u00e7\u00e3o Financeira 2024, promovido pela Federa\u00e7\u00e3o Brasileira de Bancos (Febraban) e institui\u00e7\u00f5es&hellip;<\/p>\n","protected":false},"author":1,"featured_media":106737,"comment_status":"closed","ping_status":"open","sticky":false,"template":"","format":"standard","meta":{"footnotes":""},"categories":[14120],"tags":[29440,2,28801,3406,30073],"class_list":["post-106736","post","type-post","status-publish","format-standard","has-post-thumbnail","hentry","category-noticias","tag-blog-com-mais-visualizacao","tag-blog-do-edvaldo-magalhaes","tag-blog-mais-acessado","tag-caruaru","tag-mutirao-de-negociacao-2024-uma-oportunidade-para-os-brasileiros-reestruturarem-suas-financas"],"_links":{"self":[{"href":"https:\/\/blogdoedvaldomagalhaes.com.br\/index.php\/wp-json\/wp\/v2\/posts\/106736","targetHints":{"allow":["GET"]}}],"collection":[{"href":"https:\/\/blogdoedvaldomagalhaes.com.br\/index.php\/wp-json\/wp\/v2\/posts"}],"about":[{"href":"https:\/\/blogdoedvaldomagalhaes.com.br\/index.php\/wp-json\/wp\/v2\/types\/post"}],"author":[{"embeddable":true,"href":"https:\/\/blogdoedvaldomagalhaes.com.br\/index.php\/wp-json\/wp\/v2\/users\/1"}],"replies":[{"embeddable":true,"href":"https:\/\/blogdoedvaldomagalhaes.com.br\/index.php\/wp-json\/wp\/v2\/comments?post=106736"}],"version-history":[{"count":1,"href":"https:\/\/blogdoedvaldomagalhaes.com.br\/index.php\/wp-json\/wp\/v2\/posts\/106736\/revisions"}],"predecessor-version":[{"id":106738,"href":"https:\/\/blogdoedvaldomagalhaes.com.br\/index.php\/wp-json\/wp\/v2\/posts\/106736\/revisions\/106738"}],"wp:featuredmedia":[{"embeddable":true,"href":"https:\/\/blogdoedvaldomagalhaes.com.br\/index.php\/wp-json\/wp\/v2\/media\/106737"}],"wp:attachment":[{"href":"https:\/\/blogdoedvaldomagalhaes.com.br\/index.php\/wp-json\/wp\/v2\/media?parent=106736"}],"wp:term":[{"taxonomy":"category","embeddable":true,"href":"https:\/\/blogdoedvaldomagalhaes.com.br\/index.php\/wp-json\/wp\/v2\/categories?post=106736"},{"taxonomy":"post_tag","embeddable":true,"href":"https:\/\/blogdoedvaldomagalhaes.com.br\/index.php\/wp-json\/wp\/v2\/tags?post=106736"}],"curies":[{"name":"wp","href":"https:\/\/api.w.org\/{rel}","templated":true}]}}