{"id":106728,"date":"2024-03-24T11:09:00","date_gmt":"2024-03-24T14:09:00","guid":{"rendered":"https:\/\/blogdoedvaldomagalhaes.com.br\/?p=106728"},"modified":"2024-03-24T11:09:12","modified_gmt":"2024-03-24T14:09:12","slug":"acoes-conjuntas-voltadas-a-populacao-em-situacao-de-rua-realizadas-em-viaduto-de-caruaru","status":"publish","type":"post","link":"https:\/\/blogdoedvaldomagalhaes.com.br\/index.php\/2024\/03\/24\/acoes-conjuntas-voltadas-a-populacao-em-situacao-de-rua-realizadas-em-viaduto-de-caruaru\/","title":{"rendered":"A\u00e7\u00f5es conjuntas voltadas \u00e0 popula\u00e7\u00e3o em situa\u00e7\u00e3o de rua realizadas em viaduto de Caruaru"},"content":{"rendered":"<p>A Secretaria de Desenvolvimento Social e Direitos Humanos de Caruaru (SDSDH), em colabora\u00e7\u00e3o com o Minist\u00e9rio P\u00fablico, Defensoria P\u00fablica do Estado de Pernambuco, Ordem dos Advogados do Brasil (OAB) Caruaru, Secretaria Municipal de Sa\u00fade, Secretaria de Pol\u00edtica para Mulheres, Conselho Municipal de Assist\u00eancia Social (CMAS) e representantes da sociedade civil organizada, uniu esfor\u00e7os para realizar uma a\u00e7\u00e3o integral de presta\u00e7\u00e3o de servi\u00e7os voltada \u00e0 popula\u00e7\u00e3o em situa\u00e7\u00e3o de rua, na sexta-feira (22), no viaduto da Agamenon Magalh\u00e3es.<\/p>\n<p>Esta iniciativa faz parte do calend\u00e1rio de a\u00e7\u00f5es elaborado pelos diversos \u00f3rg\u00e3os e entidades envolvidos no F\u00f3rum Permanente sobre a Popula\u00e7\u00e3o em Situa\u00e7\u00e3o de Rua. Seu prop\u00f3sito \u00e9 fortalecer a aten\u00e7\u00e3o, cuidado e garantia de direitos para essas pessoas, al\u00e9m de abordar medidas para enfrentar as condi\u00e7\u00f5es que perpetuam sua vulnerabilidade. O evento visa especialmente alcan\u00e7ar aqueles que n\u00e3o aderem aos servi\u00e7os oferecidos pelo munic\u00edpio, buscando assim incluir todos os segmentos dessa popula\u00e7\u00e3o marginalizada.<\/p>\n<p>\u201cEssa a\u00e7\u00e3o demonstra o compromisso conjunto das institui\u00e7\u00f5es envolvidas em criar um ambiente mais inclusivo e acolhedor para aqueles que se encontram em situa\u00e7\u00e3o de rua\u201d, disse a secret\u00e1ria de Desenvolvimento Social e Direitos Humanos, Dayse Willyane.<\/p>\n<p>Esses esfor\u00e7os refletem o comprometimento cont\u00ednuo das autoridades e organiza\u00e7\u00f5es locais em abordar os desafios enfrentados pela popula\u00e7\u00e3o em situa\u00e7\u00e3o de rua, refor\u00e7ando o compromisso com a promo\u00e7\u00e3o dos direitos humanos e a dignidade para todos os cidad\u00e3os.<\/p>\n<p>Seja seguidor do Instagram do Blog @blogdoedvaldomagalhaes<\/p>\n<p><img loading=\"lazy\" decoding=\"async\" src=\"https:\/\/blogdoedvaldomagalhaes.com.br\/wp-content\/uploads\/2024\/03\/img-20240323-wa00437869762861623202575.jpg\" class=\"wp-image-106731 alignnone size-full\" width=\"1280\" height=\"960\" srcset=\"https:\/\/blogdoedvaldomagalhaes.com.br\/wp-content\/uploads\/2024\/03\/img-20240323-wa00437869762861623202575.jpg 1280w, https:\/\/blogdoedvaldomagalhaes.com.br\/wp-content\/uploads\/2024\/03\/img-20240323-wa00437869762861623202575-300x225.jpg 300w, https:\/\/blogdoedvaldomagalhaes.com.br\/wp-content\/uploads\/2024\/03\/img-20240323-wa00437869762861623202575-1024x768.jpg 1024w, https:\/\/blogdoedvaldomagalhaes.com.br\/wp-content\/uploads\/2024\/03\/img-20240323-wa00437869762861623202575-768x576.jpg 768w, https:\/\/blogdoedvaldomagalhaes.com.br\/wp-content\/uploads\/2024\/03\/img-20240323-wa00437869762861623202575-160x120.jpg 160w\" sizes=\"auto, (max-width: 1280px) 100vw, 1280px\" \/><\/p>\n<p>Fotos: Equipe SDSDH<\/p>\n","protected":false},"excerpt":{"rendered":"<p>A Secretaria de Desenvolvimento Social e Direitos Humanos de Caruaru (SDSDH), em colabora\u00e7\u00e3o com o Minist\u00e9rio P\u00fablico, Defensoria P\u00fablica do&hellip;<\/p>\n","protected":false},"author":1,"featured_media":106729,"comment_status":"closed","ping_status":"open","sticky":false,"template":"","format":"standard","meta":{"footnotes":""},"categories":[14120],"tags":[30072,29440,2,28801,3406],"class_list":["post-106728","post","type-post","status-publish","format-standard","has-post-thumbnail","hentry","category-noticias","tag-acoes-conjuntas-voltadas-a-populacao-em-situacao-de-rua-realizadas-em-viaduto-de-caruaru","tag-blog-com-mais-visualizacao","tag-blog-do-edvaldo-magalhaes","tag-blog-mais-acessado","tag-caruaru"],"_links":{"self":[{"href":"https:\/\/blogdoedvaldomagalhaes.com.br\/index.php\/wp-json\/wp\/v2\/posts\/106728","targetHints":{"allow":["GET"]}}],"collection":[{"href":"https:\/\/blogdoedvaldomagalhaes.com.br\/index.php\/wp-json\/wp\/v2\/posts"}],"about":[{"href":"https:\/\/blogdoedvaldomagalhaes.com.br\/index.php\/wp-json\/wp\/v2\/types\/post"}],"author":[{"embeddable":true,"href":"https:\/\/blogdoedvaldomagalhaes.com.br\/index.php\/wp-json\/wp\/v2\/users\/1"}],"replies":[{"embeddable":true,"href":"https:\/\/blogdoedvaldomagalhaes.com.br\/index.php\/wp-json\/wp\/v2\/comments?post=106728"}],"version-history":[{"count":2,"href":"https:\/\/blogdoedvaldomagalhaes.com.br\/index.php\/wp-json\/wp\/v2\/posts\/106728\/revisions"}],"predecessor-version":[{"id":106732,"href":"https:\/\/blogdoedvaldomagalhaes.com.br\/index.php\/wp-json\/wp\/v2\/posts\/106728\/revisions\/106732"}],"wp:featuredmedia":[{"embeddable":true,"href":"https:\/\/blogdoedvaldomagalhaes.com.br\/index.php\/wp-json\/wp\/v2\/media\/106729"}],"wp:attachment":[{"href":"https:\/\/blogdoedvaldomagalhaes.com.br\/index.php\/wp-json\/wp\/v2\/media?parent=106728"}],"wp:term":[{"taxonomy":"category","embeddable":true,"href":"https:\/\/blogdoedvaldomagalhaes.com.br\/index.php\/wp-json\/wp\/v2\/categories?post=106728"},{"taxonomy":"post_tag","embeddable":true,"href":"https:\/\/blogdoedvaldomagalhaes.com.br\/index.php\/wp-json\/wp\/v2\/tags?post=106728"}],"curies":[{"name":"wp","href":"https:\/\/api.w.org\/{rel}","templated":true}]}}