{"id":106719,"date":"2024-03-23T16:12:02","date_gmt":"2024-03-23T19:12:02","guid":{"rendered":"https:\/\/blogdoedvaldomagalhaes.com.br\/?p=106719"},"modified":"2024-03-23T16:12:03","modified_gmt":"2024-03-23T19:12:03","slug":"adolfo-da-modinha-e-a-homenagem-do-sao-joao-2024-de-caruaru","status":"publish","type":"post","link":"https:\/\/blogdoedvaldomagalhaes.com.br\/index.php\/2024\/03\/23\/adolfo-da-modinha-e-a-homenagem-do-sao-joao-2024-de-caruaru\/","title":{"rendered":"Adolfo da Modinha e a homenagem do S\u00e3o Jo\u00e3o 2024 de Caruaru"},"content":{"rendered":"<p><span style=\"font-size: revert;\">No cora\u00e7\u00e3o do S\u00e3o Jo\u00e3o de Caruaru deste ano, uma figura emblem\u00e1tica recebe merecida homenagem: Adolfo da Modinha. Seu nome ecoa pelas d\u00e9cadas como sin\u00f4nimo de cultura, entretenimento e impulso \u00e0 m\u00fasica regional. Nos anos 70, 80 e 90, Adolfo criou a lend\u00e1ria loja de discos A Modinha, n\u00e3o apenas em Caruaru, mas tamb\u00e9m em Recife e Salvador e outras cidades do Nordeste.<\/span><\/p>\n<p>Sua paix\u00e3o pela m\u00fasica n\u00e3o se limitou \u00e0s vendas; ele estabeleceu uma f\u00e1brica de discos e tornou-se produtor de v\u00e1rios artistas, ajudando a pavimentar caminhos na ind\u00fastria fonogr\u00e1fica. Foi compositor de v\u00e1rias can\u00e7\u00f5es e em muitas n\u00e3o colocava o nome ou tinha parceria com o irm\u00e3o, que assinava algumas can\u00e7\u00f5es. A mais conhecida \u00e9 \u2018Man\u00e9 Gostoso\u2019, em dobradinha com L\u00eddio Cavalcanti, imortalizada na voz de Azul\u00e3o.<\/p>\n<p>Al\u00e9m disso, Adolfo foi um vision\u00e1rio na arte do entretenimento, reconhecendo talentos e investindo em suas carreiras. Ele foi o empres\u00e1rio de Elifas J\u00fanior nos prim\u00f3rdios de sua jornada musical e um dos primeiros s\u00f3cios da ic\u00f4nica banda de forr\u00f3 Mastruz com Leite.<\/p>\n<p>A contribui\u00e7\u00e3o de Adolfo transcendeu as fronteiras de Caruaru. Seus shows trouxeram grandes nomes da m\u00fasica brasileira \u00e0 cidade, incluindo Nelson Gon\u00e7alves, Raul Seixas, Renato e Seus Blue Caps, e o saudoso Reginaldo Rossi. Sua loja foi o principal ponto de venda dos discos do Rei Roberto Carlos no Nordeste, sendo um dos recordistas no Brasil.<\/p>\n<p>Em 2024, no auge de seus 80 anos, que ser\u00e3o completados em julho, a homenagem a Adolfo no S\u00e3o Jo\u00e3o de Caruaru \u00e9 mais do que justa. Al\u00e9m de suas conquistas na ind\u00fastria musical, Adolfo tamb\u00e9m contribui para a cidade como empres\u00e1rio das empresas Coletivo e Mandacaru Motor. Recentemente, seu investimento na R\u00e1dio Cidade FM 99.7 solidificou seu compromisso com a promo\u00e7\u00e3o da cultura local, tornando-se um espa\u00e7o vital para os artistas da regi\u00e3o na grade de programa\u00e7\u00e3o.<\/p>\n<p>A hist\u00f3ria de Adolfo da Modinha \u00e9 um testemunho vivo do poder da paix\u00e3o, dedica\u00e7\u00e3o e vis\u00e3o em moldar a cultura e a identidade de uma cidade. Sua influ\u00eancia perdurar\u00e1 por gera\u00e7\u00f5es, deixando um legado indel\u00e9vel na rica tape\u00e7aria cultural de Caruaru e al\u00e9m. Foto: Divulga\u00e7\u00e3o<\/p>\n<p>Seja seguidor do Instagram do Blog @blogdoedvaldomagalhaes<\/p>\n","protected":false},"excerpt":{"rendered":"<p>No cora\u00e7\u00e3o do S\u00e3o Jo\u00e3o de Caruaru deste ano, uma figura emblem\u00e1tica recebe merecida homenagem: Adolfo da Modinha. Seu nome&hellip;<\/p>\n","protected":false},"author":1,"featured_media":106720,"comment_status":"closed","ping_status":"open","sticky":false,"template":"","format":"standard","meta":{"footnotes":""},"categories":[14120],"tags":[30071,29440,2,28801,3406],"class_list":["post-106719","post","type-post","status-publish","format-standard","has-post-thumbnail","hentry","category-noticias","tag-adolfo-da-modinha-e-a-homenagem-do-sao-joao-2024-de-caruaru","tag-blog-com-mais-visualizacao","tag-blog-do-edvaldo-magalhaes","tag-blog-mais-acessado","tag-caruaru"],"_links":{"self":[{"href":"https:\/\/blogdoedvaldomagalhaes.com.br\/index.php\/wp-json\/wp\/v2\/posts\/106719","targetHints":{"allow":["GET"]}}],"collection":[{"href":"https:\/\/blogdoedvaldomagalhaes.com.br\/index.php\/wp-json\/wp\/v2\/posts"}],"about":[{"href":"https:\/\/blogdoedvaldomagalhaes.com.br\/index.php\/wp-json\/wp\/v2\/types\/post"}],"author":[{"embeddable":true,"href":"https:\/\/blogdoedvaldomagalhaes.com.br\/index.php\/wp-json\/wp\/v2\/users\/1"}],"replies":[{"embeddable":true,"href":"https:\/\/blogdoedvaldomagalhaes.com.br\/index.php\/wp-json\/wp\/v2\/comments?post=106719"}],"version-history":[{"count":1,"href":"https:\/\/blogdoedvaldomagalhaes.com.br\/index.php\/wp-json\/wp\/v2\/posts\/106719\/revisions"}],"predecessor-version":[{"id":106721,"href":"https:\/\/blogdoedvaldomagalhaes.com.br\/index.php\/wp-json\/wp\/v2\/posts\/106719\/revisions\/106721"}],"wp:featuredmedia":[{"embeddable":true,"href":"https:\/\/blogdoedvaldomagalhaes.com.br\/index.php\/wp-json\/wp\/v2\/media\/106720"}],"wp:attachment":[{"href":"https:\/\/blogdoedvaldomagalhaes.com.br\/index.php\/wp-json\/wp\/v2\/media?parent=106719"}],"wp:term":[{"taxonomy":"category","embeddable":true,"href":"https:\/\/blogdoedvaldomagalhaes.com.br\/index.php\/wp-json\/wp\/v2\/categories?post=106719"},{"taxonomy":"post_tag","embeddable":true,"href":"https:\/\/blogdoedvaldomagalhaes.com.br\/index.php\/wp-json\/wp\/v2\/tags?post=106719"}],"curies":[{"name":"wp","href":"https:\/\/api.w.org\/{rel}","templated":true}]}}