{"id":1067,"date":"2018-10-07T18:20:00","date_gmt":"2018-10-07T21:20:00","guid":{"rendered":"http:\/\/blogdoedvaldomagalhaes.com.br\/index.php\/2018\/10\/07\/comissao-da-oab-caruaru-fiscaliza\/"},"modified":"2019-02-09T02:34:20","modified_gmt":"2019-02-09T04:34:20","slug":"comissao-da-oab-caruaru-fiscaliza","status":"publish","type":"post","link":"https:\/\/blogdoedvaldomagalhaes.com.br\/index.php\/2018\/10\/07\/comissao-da-oab-caruaru-fiscaliza\/","title":{"rendered":"Comiss\u00e3o da OAB Caruaru fiscaliza principais locais de vota\u00e7\u00e3o"},"content":{"rendered":"<div class=\"separator\" style=\"clear: both; text-align: center;\">\n<a href=\"https:\/\/1.bp.blogspot.com\/-ciM8kCFQ5LA\/W7pOU5MZqAI\/AAAAAAAA7Zw\/4NmT4Ta1h-8KYCJB6pWqhmL0YQiBelaPwCLcBGAs\/s1600\/oab.jpg\" imageanchor=\"1\" style=\"margin-left: 1em; margin-right: 1em;\"><img loading=\"lazy\" decoding=\"async\" border=\"0\" data-original-height=\"768\" data-original-width=\"1024\" height=\"474\" src=\"http:\/\/blogdoedvaldomagalhaes.com.br\/wp-content\/uploads\/2018\/10\/oab.jpg\" width=\"640\" \/><\/a><\/div>\n<div class=\"separator\" style=\"clear: both; text-align: center;\">\nFoto: M\u00e1rio Fl\u00e1vio<\/div>\n<div class=\"separator\" style=\"clear: both; text-align: center;\">\n<\/div>\n<div style=\"background-color: white; border: 0px; margin-bottom: 1.5em; outline: 0px; padding: 0px; text-align: justify; vertical-align: baseline;\">\nUma comiss\u00e3o da OAB Caruaru visita os principais locais de vota\u00e7\u00e3o da cidade neste domingo (7). O objetivo \u00e9 fiscalizar a vota\u00e7\u00e3o e evitar tentativa de burlar o processo eleitoral, para evitar situa\u00e7\u00f5es de boca de urna, por exemplo.<\/div>\n<div style=\"background-color: white; border: 0px; margin-bottom: 1.5em; outline: 0px; padding: 0px; text-align: justify; vertical-align: baseline;\">\nDe acordo com o presidente da Ordem, Felipe Sampaio, tamb\u00e9m a meta \u00e9 garantir os direitos dos advogados. \u201cEstamos tamb\u00e9m atuando para resguardar as prerrogativas dos advogados que trabalhavam nessa elei\u00e7\u00e3o e qualquer problema os colegas podem acessar o plant\u00e3o das prerrogativas\u201d, disse.<\/div>\n<div style=\"background-color: white; border: 0px; margin-bottom: 1.5em; outline: 0px; padding: 0px; text-align: justify; vertical-align: baseline;\">\nA Comiss\u00e3o vai visitar os principais locais de vota\u00e7\u00e3o na cidade.<\/div>\n","protected":false},"excerpt":{"rendered":"<p>Foto: M\u00e1rio Fl\u00e1vio Uma comiss\u00e3o da OAB Caruaru visita os principais locais de vota\u00e7\u00e3o da cidade neste domingo (7). O&hellip;<\/p>\n","protected":false},"author":1,"featured_media":0,"comment_status":"open","ping_status":"open","sticky":false,"template":"","format":"standard","meta":{"footnotes":""},"categories":[1],"tags":[2,1012,20],"class_list":["post-1067","post","type-post","status-publish","format-standard","hentry","category-sem-categoria","tag-blog-do-edvaldo-magalhaes","tag-comissao-da-oab-caruaru-fiscaliza-principais-locais-de-votacao","tag-politica"],"_links":{"self":[{"href":"https:\/\/blogdoedvaldomagalhaes.com.br\/index.php\/wp-json\/wp\/v2\/posts\/1067","targetHints":{"allow":["GET"]}}],"collection":[{"href":"https:\/\/blogdoedvaldomagalhaes.com.br\/index.php\/wp-json\/wp\/v2\/posts"}],"about":[{"href":"https:\/\/blogdoedvaldomagalhaes.com.br\/index.php\/wp-json\/wp\/v2\/types\/post"}],"author":[{"embeddable":true,"href":"https:\/\/blogdoedvaldomagalhaes.com.br\/index.php\/wp-json\/wp\/v2\/users\/1"}],"replies":[{"embeddable":true,"href":"https:\/\/blogdoedvaldomagalhaes.com.br\/index.php\/wp-json\/wp\/v2\/comments?post=1067"}],"version-history":[{"count":1,"href":"https:\/\/blogdoedvaldomagalhaes.com.br\/index.php\/wp-json\/wp\/v2\/posts\/1067\/revisions"}],"predecessor-version":[{"id":34754,"href":"https:\/\/blogdoedvaldomagalhaes.com.br\/index.php\/wp-json\/wp\/v2\/posts\/1067\/revisions\/34754"}],"wp:attachment":[{"href":"https:\/\/blogdoedvaldomagalhaes.com.br\/index.php\/wp-json\/wp\/v2\/media?parent=1067"}],"wp:term":[{"taxonomy":"category","embeddable":true,"href":"https:\/\/blogdoedvaldomagalhaes.com.br\/index.php\/wp-json\/wp\/v2\/categories?post=1067"},{"taxonomy":"post_tag","embeddable":true,"href":"https:\/\/blogdoedvaldomagalhaes.com.br\/index.php\/wp-json\/wp\/v2\/tags?post=1067"}],"curies":[{"name":"wp","href":"https:\/\/api.w.org\/{rel}","templated":true}]}}