{"id":1066,"date":"2018-10-07T18:26:00","date_gmt":"2018-10-07T21:26:00","guid":{"rendered":"http:\/\/blogdoedvaldomagalhaes.com.br\/index.php\/2018\/10\/07\/laura-gomes-o-voto-e-o-mais-forte\/"},"modified":"2019-02-09T02:34:20","modified_gmt":"2019-02-09T04:34:20","slug":"laura-gomes-o-voto-e-o-mais-forte","status":"publish","type":"post","link":"https:\/\/blogdoedvaldomagalhaes.com.br\/index.php\/2018\/10\/07\/laura-gomes-o-voto-e-o-mais-forte\/","title":{"rendered":"Laura Gomes: \u201cO voto \u00e9 o mais forte instrumento da democracia\u201d"},"content":{"rendered":"<div class=\"separator\" style=\"clear: both; text-align: center;\">\n<a href=\"https:\/\/3.bp.blogspot.com\/-r8tjAPCVVQ0\/W7pPxPo7UpI\/AAAAAAAA7Z8\/mRv4ggZqsGsFqasnV9x4oU2wElxXx7oJACLcBGAs\/s1600\/laura.jpg\" imageanchor=\"1\" style=\"margin-left: 1em; margin-right: 1em;\"><img loading=\"lazy\" decoding=\"async\" border=\"0\" data-original-height=\"1200\" data-original-width=\"1600\" height=\"480\" src=\"http:\/\/blogdoedvaldomagalhaes.com.br\/wp-content\/uploads\/2018\/10\/laura.jpg\" width=\"640\" \/><\/a><\/div>\n<div dir=\"auto\" style=\"background-color: white; text-align: justify;\">\n<\/div>\n<div dir=\"auto\" style=\"background-color: white; text-align: justify;\">\nA deputada estadual Laura Gomes (PSB), candidata \u00e0 reelei\u00e7\u00e3o, votou, neste domingo (7), \u00e0s 11h42, no Col\u00e9gio Diocesano de Caruaru. Ela esteve acompanhada de Jorge Gomes, do vereador Marcelo Gomes e da sua equipe de trabalho. Laura Gomes entrou na cabine de vota\u00e7\u00e3o com as netas g\u00eameas, Clarissa e Isabel. Logo em seguida, seguiu para a Escola Vicente Monteiro, acompanhando Jorge Gomes na vota\u00e7\u00e3o.&nbsp;<\/div>\n<div dir=\"auto\" style=\"background-color: white; text-align: justify;\">\n<\/div>\n<div dir=\"auto\" style=\"background-color: white; text-align: justify;\">\n\u201cTenho certeza do trabalho com compromisso realizado em toda campanha. Estou muito feliz por participar dessa escolha para o rumo de nosso Pa\u00eds. Vamos aguardar o resultado da elei\u00e7\u00e3o com a convic\u00e7\u00e3o de que demos o melhor para os Pernambucanos. Vamos em frente\u201d, afirmou.<\/p>\n<\/div>\n","protected":false},"excerpt":{"rendered":"<p>A deputada estadual Laura Gomes (PSB), candidata \u00e0 reelei\u00e7\u00e3o, votou, neste domingo (7), \u00e0s 11h42, no Col\u00e9gio Diocesano de Caruaru.&hellip;<\/p>\n","protected":false},"author":1,"featured_media":0,"comment_status":"open","ping_status":"open","sticky":false,"template":"","format":"standard","meta":{"footnotes":""},"categories":[1],"tags":[2,1011,20],"class_list":["post-1066","post","type-post","status-publish","format-standard","hentry","category-sem-categoria","tag-blog-do-edvaldo-magalhaes","tag-laura-gomes-o-voto-e-o-mais-forte-instrumento-da-democracia","tag-politica"],"_links":{"self":[{"href":"https:\/\/blogdoedvaldomagalhaes.com.br\/index.php\/wp-json\/wp\/v2\/posts\/1066","targetHints":{"allow":["GET"]}}],"collection":[{"href":"https:\/\/blogdoedvaldomagalhaes.com.br\/index.php\/wp-json\/wp\/v2\/posts"}],"about":[{"href":"https:\/\/blogdoedvaldomagalhaes.com.br\/index.php\/wp-json\/wp\/v2\/types\/post"}],"author":[{"embeddable":true,"href":"https:\/\/blogdoedvaldomagalhaes.com.br\/index.php\/wp-json\/wp\/v2\/users\/1"}],"replies":[{"embeddable":true,"href":"https:\/\/blogdoedvaldomagalhaes.com.br\/index.php\/wp-json\/wp\/v2\/comments?post=1066"}],"version-history":[{"count":1,"href":"https:\/\/blogdoedvaldomagalhaes.com.br\/index.php\/wp-json\/wp\/v2\/posts\/1066\/revisions"}],"predecessor-version":[{"id":34756,"href":"https:\/\/blogdoedvaldomagalhaes.com.br\/index.php\/wp-json\/wp\/v2\/posts\/1066\/revisions\/34756"}],"wp:attachment":[{"href":"https:\/\/blogdoedvaldomagalhaes.com.br\/index.php\/wp-json\/wp\/v2\/media?parent=1066"}],"wp:term":[{"taxonomy":"category","embeddable":true,"href":"https:\/\/blogdoedvaldomagalhaes.com.br\/index.php\/wp-json\/wp\/v2\/categories?post=1066"},{"taxonomy":"post_tag","embeddable":true,"href":"https:\/\/blogdoedvaldomagalhaes.com.br\/index.php\/wp-json\/wp\/v2\/tags?post=1066"}],"curies":[{"name":"wp","href":"https:\/\/api.w.org\/{rel}","templated":true}]}}