{"id":106527,"date":"2024-03-19T14:18:43","date_gmt":"2024-03-19T17:18:43","guid":{"rendered":"https:\/\/blogdoedvaldomagalhaes.com.br\/?p=106527"},"modified":"2024-03-19T23:35:21","modified_gmt":"2024-03-20T02:35:21","slug":"confira-a-programacao-completa-do-sao-joao-2024-de-caruaru","status":"publish","type":"post","link":"https:\/\/blogdoedvaldomagalhaes.com.br\/index.php\/2024\/03\/19\/confira-a-programacao-completa-do-sao-joao-2024-de-caruaru\/","title":{"rendered":"Confira a programa\u00e7\u00e3o completa do S\u00e3o Jo\u00e3o 2024 de Caruaru"},"content":{"rendered":"<p>O S\u00e3o Jo\u00e3o 2024 de Caruaru ter\u00e1 diversas novidades, como: atra\u00e7\u00f5es que vir\u00e3o \u00e0 Capital do Agreste pela primeira vez, o espa\u00e7o de sustentabilidade, um tema e dois novos polos. Com o tema \u201cA Evolu\u00e7\u00e3o do Barro\u201d, mostrando que a Capital do Forr\u00f3 ganhou notoriedade a partir dele at\u00e9 se tornar um dos principais munic\u00edpios de Pernambuco, o S\u00e3o Jo\u00e3o ter\u00e1, pela primeira vez, uma atra\u00e7\u00e3o internacional, provando que o festejo junino de Caruaru vai muito al\u00e9m das fronteiras. A banda italiana Double You estar\u00e1 no P\u00e1tio de Eventos no dia 12 de junho, Dia dos Namorados, ao lado de Roupa Nova, Calcinha Preta e Amado Batista. <\/p>\n<p><span style=\"font-size: revert;\">O jingle e o clipe do festejo deste ano recebeu uma nova roupagem nas vozes de Petr\u00facio Amorim e Solange Almeida, e contou com a composi\u00e7\u00e3o de Carlinhos Pompom; Paulo Long; do secret\u00e1rio de Comunica\u00e7\u00e3o e do presidente da Funda\u00e7\u00e3o de Cultura de Caruaru, Thiago Azevedo e H\u00e9rlon Cavalcanti, respectivamente.<\/span><\/p>\n<p>Quem ir\u00e1 estrear no S\u00e3o Jo\u00e3o de Caruaru \u00e9 a dupla Henrique e Juliano; os cantores Carlinhos Brown, Sandra S\u00e1, Jorge Arag\u00e3o, Buchecha, Matu\u00ea; e o grupo Olodum. Essa programa\u00e7\u00e3o reflete a multiculturalidade do Maior e Melhor S\u00e3o Jo\u00e3o do Mundo, que abra\u00e7a desde o forr\u00f3 tradicional at\u00e9 o rock, samba, brega, reggae e m\u00fasica eletr\u00f4nica. Junto aos estreantes, o S\u00e3o Jo\u00e3o de Caruaru ainda ter\u00e1 nomes j\u00e1 conhecidos do p\u00fablico, como Jorge de Altinho, Fl\u00e1vio Jos\u00e9, Santanna, o Cantador, Luan Santana, Solange Almeida, Petr\u00facio Amorim, Elba Ramalho, Simone Mendes, Jo\u00e3o Gomes, Joelma, Magn\u00edficos, Priscila Senna e muito mais. Neste ano, o S\u00e3o Jo\u00e3o de Caruaru come\u00e7a em Gon\u00e7alves Ferreira, com o S\u00e3o Jo\u00e3o na Ro\u00e7a, no dia 19 de abril, e seguir\u00e1 at\u00e9 o dia 29 de junho, no P\u00e1tio de Eventos Luiz Lua Gonzaga. O p\u00fablico ainda ir\u00e1 contar com dois novos polos: o do P\u00edfano, com homenagem a Sebasti\u00e3o Biano, e o do Bacamarte, totalizando 27 polos de programa\u00e7\u00e3o gratuita.<\/p>\n<p>\u00a0<\/p>\n<p>Homenageados: O S\u00e3o Jo\u00e3o ter\u00e1 cinco homenageados, sendo dois em mem\u00f3ria. Confira abaixo um breve hist\u00f3rico de cada uma das pessoas:Terezinha Gonzaga: Patrim\u00f4nio Vivo de Caruaru e Mestra na arte do barro, Terezinha \u00e9 artes\u00e3 do Alto do Moura e defende com muito amor a manuten\u00e7\u00e3o da sua arte. Passou por grandes dificuldades na vida ap\u00f3s o marido, que morreu neste ano, ficar em estado vegetativo. Criou sozinha seus filhos, mantendo-os dentro da arte do barro como maneira de salvaguardar o legado do marido. Ela \u00e9 uma das grandes l\u00edderes da comunidade.Angela Bacamarteira: Angela Maria de Oliveira \u00e9 agricultora aposentada e bacamarteira do 27\u00b0 Batalh\u00e3o da Serra dos Cavalos, que tem mais de 30 anos de atua\u00e7\u00e3o em Caruaru. Diante do fato do \u201cser bacamarteiro\u201d ter sido masculinizado ao longo dos anos, dona Angela \u00e9 s\u00edmbolo de resist\u00eancia n\u00e3o apenas para sua gera\u00e7\u00e3o, como tamb\u00e9m para as futuras, mostrando que o espa\u00e7o tamb\u00e9m pode &#8211; e deve &#8211; ser ocupado por mulheres.Adolfo Jos\u00e9: Empres\u00e1rio com mais de 30 anos de atua\u00e7\u00e3o, Adolfo \u00e9 dono de uma empresa de \u00f4nibus e, mais recentemente, tornou-se propriet\u00e1rio de uma r\u00e1dio, contribuindo para a dissemina\u00e7\u00e3o da informa\u00e7\u00e3o no munic\u00edpio. Ele tamb\u00e9m j\u00e1 foi vereador de Caruaru.Ariano Suassuna (em mem\u00f3ria): Em 2024, completa-se 10 anos da morte de um dos maiores nomes da literatura brasileira. Ariano foi um escritor, dramaturgo e poeta que fundou o Movimento Armorial, respons\u00e1vel por apresentar o sert\u00e3o como um universo l\u00fadico e cultural. Entre as suas principais obras, est\u00e1 o Auto da Compadecida, com seus inesquec\u00edveis protagonistas, Chic\u00f3 e Jo\u00e3o Grilo.Lambreta (em mem\u00f3ria): Fernando Dias de Oliveira, mais conhecido como Lambreta, foi um vereador de Caruaru. Ele teve atua\u00e7\u00e3o de destaque, sobretudo, em comunidades carentes do bairro Centen\u00e1rio e do Monte Bom Jesus. Lambreta foi eleito vereador por cinco mandatos consecutivos, de 1989 a 2004.<\/p>\n<p>Veja o lan\u00e7amento no Instagram do Blog @blogdoedvaldomagalhaes<img loading=\"lazy\" decoding=\"async\" class=\"wp-image-106531 alignnone size-full\" src=\"https:\/\/blogdoedvaldomagalhaes.com.br\/wp-content\/uploads\/2024\/03\/img-20240319-wa013534282692109573712.jpg\" width=\"1408\" height=\"1024\" srcset=\"https:\/\/blogdoedvaldomagalhaes.com.br\/wp-content\/uploads\/2024\/03\/img-20240319-wa013534282692109573712.jpg 1408w, https:\/\/blogdoedvaldomagalhaes.com.br\/wp-content\/uploads\/2024\/03\/img-20240319-wa013534282692109573712-300x218.jpg 300w, https:\/\/blogdoedvaldomagalhaes.com.br\/wp-content\/uploads\/2024\/03\/img-20240319-wa013534282692109573712-1024x745.jpg 1024w, https:\/\/blogdoedvaldomagalhaes.com.br\/wp-content\/uploads\/2024\/03\/img-20240319-wa013534282692109573712-768x559.jpg 768w\" sizes=\"auto, (max-width: 1408px) 100vw, 1408px\" \/><img loading=\"lazy\" decoding=\"async\" class=\"wp-image-106535 alignnone size-full\" src=\"https:\/\/blogdoedvaldomagalhaes.com.br\/wp-content\/uploads\/2024\/03\/img-20240319-wa01364897771398462196040.jpg\" width=\"1024\" height=\"1280\" srcset=\"https:\/\/blogdoedvaldomagalhaes.com.br\/wp-content\/uploads\/2024\/03\/img-20240319-wa01364897771398462196040.jpg 1024w, https:\/\/blogdoedvaldomagalhaes.com.br\/wp-content\/uploads\/2024\/03\/img-20240319-wa01364897771398462196040-240x300.jpg 240w, https:\/\/blogdoedvaldomagalhaes.com.br\/wp-content\/uploads\/2024\/03\/img-20240319-wa01364897771398462196040-819x1024.jpg 819w, https:\/\/blogdoedvaldomagalhaes.com.br\/wp-content\/uploads\/2024\/03\/img-20240319-wa01364897771398462196040-768x960.jpg 768w\" sizes=\"auto, (max-width: 1024px) 100vw, 1024px\" \/><img loading=\"lazy\" decoding=\"async\" class=\"wp-image-106536 alignnone size-full\" src=\"https:\/\/blogdoedvaldomagalhaes.com.br\/wp-content\/uploads\/2024\/03\/img-20240319-wa0134486178013989789869.jpg\" width=\"1080\" height=\"1350\" srcset=\"https:\/\/blogdoedvaldomagalhaes.com.br\/wp-content\/uploads\/2024\/03\/img-20240319-wa0134486178013989789869.jpg 1080w, https:\/\/blogdoedvaldomagalhaes.com.br\/wp-content\/uploads\/2024\/03\/img-20240319-wa0134486178013989789869-240x300.jpg 240w, https:\/\/blogdoedvaldomagalhaes.com.br\/wp-content\/uploads\/2024\/03\/img-20240319-wa0134486178013989789869-819x1024.jpg 819w, https:\/\/blogdoedvaldomagalhaes.com.br\/wp-content\/uploads\/2024\/03\/img-20240319-wa0134486178013989789869-768x960.jpg 768w\" sizes=\"auto, (max-width: 1080px) 100vw, 1080px\" \/><img loading=\"lazy\" decoding=\"async\" class=\"wp-image-106537 alignnone size-full\" src=\"https:\/\/blogdoedvaldomagalhaes.com.br\/wp-content\/uploads\/2024\/03\/img-20240319-wa0133560450599335521935.jpg\" width=\"1080\" height=\"1350\" srcset=\"https:\/\/blogdoedvaldomagalhaes.com.br\/wp-content\/uploads\/2024\/03\/img-20240319-wa0133560450599335521935.jpg 1080w, https:\/\/blogdoedvaldomagalhaes.com.br\/wp-content\/uploads\/2024\/03\/img-20240319-wa0133560450599335521935-240x300.jpg 240w, https:\/\/blogdoedvaldomagalhaes.com.br\/wp-content\/uploads\/2024\/03\/img-20240319-wa0133560450599335521935-819x1024.jpg 819w, https:\/\/blogdoedvaldomagalhaes.com.br\/wp-content\/uploads\/2024\/03\/img-20240319-wa0133560450599335521935-768x960.jpg 768w\" sizes=\"auto, (max-width: 1080px) 100vw, 1080px\" \/><img loading=\"lazy\" decoding=\"async\" class=\"wp-image-106538 alignnone size-full\" src=\"https:\/\/blogdoedvaldomagalhaes.com.br\/wp-content\/uploads\/2024\/03\/img-20240319-wa01327185382685787181393.jpg\" width=\"1080\" height=\"1350\" srcset=\"https:\/\/blogdoedvaldomagalhaes.com.br\/wp-content\/uploads\/2024\/03\/img-20240319-wa01327185382685787181393.jpg 1080w, https:\/\/blogdoedvaldomagalhaes.com.br\/wp-content\/uploads\/2024\/03\/img-20240319-wa01327185382685787181393-240x300.jpg 240w, https:\/\/blogdoedvaldomagalhaes.com.br\/wp-content\/uploads\/2024\/03\/img-20240319-wa01327185382685787181393-819x1024.jpg 819w, https:\/\/blogdoedvaldomagalhaes.com.br\/wp-content\/uploads\/2024\/03\/img-20240319-wa01327185382685787181393-768x960.jpg 768w\" sizes=\"auto, (max-width: 1080px) 100vw, 1080px\" \/><img loading=\"lazy\" decoding=\"async\" class=\"wp-image-106539 alignnone size-full\" src=\"https:\/\/blogdoedvaldomagalhaes.com.br\/wp-content\/uploads\/2024\/03\/img-20240319-wa01314447230052163005617.jpg\" width=\"1408\" height=\"1024\" srcset=\"https:\/\/blogdoedvaldomagalhaes.com.br\/wp-content\/uploads\/2024\/03\/img-20240319-wa01314447230052163005617.jpg 1408w, https:\/\/blogdoedvaldomagalhaes.com.br\/wp-content\/uploads\/2024\/03\/img-20240319-wa01314447230052163005617-300x218.jpg 300w, https:\/\/blogdoedvaldomagalhaes.com.br\/wp-content\/uploads\/2024\/03\/img-20240319-wa01314447230052163005617-1024x745.jpg 1024w, https:\/\/blogdoedvaldomagalhaes.com.br\/wp-content\/uploads\/2024\/03\/img-20240319-wa01314447230052163005617-768x559.jpg 768w\" sizes=\"auto, (max-width: 1408px) 100vw, 1408px\" \/><img loading=\"lazy\" decoding=\"async\" class=\"wp-image-106540 alignnone size-full\" src=\"https:\/\/blogdoedvaldomagalhaes.com.br\/wp-content\/uploads\/2024\/03\/img-20240319-wa01308487592055697584800.jpg\" width=\"1080\" height=\"1350\" srcset=\"https:\/\/blogdoedvaldomagalhaes.com.br\/wp-content\/uploads\/2024\/03\/img-20240319-wa01308487592055697584800.jpg 1080w, https:\/\/blogdoedvaldomagalhaes.com.br\/wp-content\/uploads\/2024\/03\/img-20240319-wa01308487592055697584800-240x300.jpg 240w, https:\/\/blogdoedvaldomagalhaes.com.br\/wp-content\/uploads\/2024\/03\/img-20240319-wa01308487592055697584800-819x1024.jpg 819w, https:\/\/blogdoedvaldomagalhaes.com.br\/wp-content\/uploads\/2024\/03\/img-20240319-wa01308487592055697584800-768x960.jpg 768w\" sizes=\"auto, (max-width: 1080px) 100vw, 1080px\" \/><img decoding=\"async\" class=\"size-full\" src=\"https:\/\/blogdoedvaldomagalhaes.com.br\/wp-content\/uploads\/2024\/03\/img-20240319-wa0110490056749224802312.jpg\" data-wpid=\"1022\" \/><\/p>\n\n\n<figure class=\"wp-block-image size-large\"><img loading=\"lazy\" decoding=\"async\" width=\"1024\" height=\"757\" src=\"https:\/\/blogdoedvaldomagalhaes.com.br\/wp-content\/uploads\/2024\/03\/9bdec5f4-bf6e-443b-a374-58ce4911e37b-1024x757.jpeg\" alt=\"\" class=\"wp-image-106543\" srcset=\"https:\/\/blogdoedvaldomagalhaes.com.br\/wp-content\/uploads\/2024\/03\/9bdec5f4-bf6e-443b-a374-58ce4911e37b-1024x757.jpeg 1024w, https:\/\/blogdoedvaldomagalhaes.com.br\/wp-content\/uploads\/2024\/03\/9bdec5f4-bf6e-443b-a374-58ce4911e37b-300x222.jpeg 300w, https:\/\/blogdoedvaldomagalhaes.com.br\/wp-content\/uploads\/2024\/03\/9bdec5f4-bf6e-443b-a374-58ce4911e37b-768x568.jpeg 768w, https:\/\/blogdoedvaldomagalhaes.com.br\/wp-content\/uploads\/2024\/03\/9bdec5f4-bf6e-443b-a374-58ce4911e37b.jpeg 1280w\" sizes=\"auto, (max-width: 1024px) 100vw, 1024px\" \/><\/figure>\n","protected":false},"excerpt":{"rendered":"<p>O S\u00e3o Jo\u00e3o 2024 de Caruaru ter\u00e1 diversas novidades, como: atra\u00e7\u00f5es que vir\u00e3o \u00e0 Capital do Agreste pela primeira vez,&hellip;<\/p>\n","protected":false},"author":1,"featured_media":106529,"comment_status":"closed","ping_status":"open","sticky":false,"template":"","format":"standard","meta":{"footnotes":""},"categories":[14120],"tags":[29440,2,28801,3406,30025,6758],"class_list":["post-106527","post","type-post","status-publish","format-standard","has-post-thumbnail","hentry","category-noticias","tag-blog-com-mais-visualizacao","tag-blog-do-edvaldo-magalhaes","tag-blog-mais-acessado","tag-caruaru","tag-confira-a-programacao-completa-do-sao-joao-2024-de-caruaru","tag-sao-joao"],"_links":{"self":[{"href":"https:\/\/blogdoedvaldomagalhaes.com.br\/index.php\/wp-json\/wp\/v2\/posts\/106527","targetHints":{"allow":["GET"]}}],"collection":[{"href":"https:\/\/blogdoedvaldomagalhaes.com.br\/index.php\/wp-json\/wp\/v2\/posts"}],"about":[{"href":"https:\/\/blogdoedvaldomagalhaes.com.br\/index.php\/wp-json\/wp\/v2\/types\/post"}],"author":[{"embeddable":true,"href":"https:\/\/blogdoedvaldomagalhaes.com.br\/index.php\/wp-json\/wp\/v2\/users\/1"}],"replies":[{"embeddable":true,"href":"https:\/\/blogdoedvaldomagalhaes.com.br\/index.php\/wp-json\/wp\/v2\/comments?post=106527"}],"version-history":[{"count":6,"href":"https:\/\/blogdoedvaldomagalhaes.com.br\/index.php\/wp-json\/wp\/v2\/posts\/106527\/revisions"}],"predecessor-version":[{"id":106567,"href":"https:\/\/blogdoedvaldomagalhaes.com.br\/index.php\/wp-json\/wp\/v2\/posts\/106527\/revisions\/106567"}],"wp:featuredmedia":[{"embeddable":true,"href":"https:\/\/blogdoedvaldomagalhaes.com.br\/index.php\/wp-json\/wp\/v2\/media\/106529"}],"wp:attachment":[{"href":"https:\/\/blogdoedvaldomagalhaes.com.br\/index.php\/wp-json\/wp\/v2\/media?parent=106527"}],"wp:term":[{"taxonomy":"category","embeddable":true,"href":"https:\/\/blogdoedvaldomagalhaes.com.br\/index.php\/wp-json\/wp\/v2\/categories?post=106527"},{"taxonomy":"post_tag","embeddable":true,"href":"https:\/\/blogdoedvaldomagalhaes.com.br\/index.php\/wp-json\/wp\/v2\/tags?post=106527"}],"curies":[{"name":"wp","href":"https:\/\/api.w.org\/{rel}","templated":true}]}}