{"id":1065,"date":"2018-10-07T18:28:00","date_gmt":"2018-10-07T21:28:00","guid":{"rendered":"http:\/\/blogdoedvaldomagalhaes.com.br\/index.php\/2018\/10\/07\/tony-gel-vota-em-caruaru-confiante-na\/"},"modified":"2019-02-09T02:34:20","modified_gmt":"2019-02-09T04:34:20","slug":"tony-gel-vota-em-caruaru-confiante-na","status":"publish","type":"post","link":"https:\/\/blogdoedvaldomagalhaes.com.br\/index.php\/2018\/10\/07\/tony-gel-vota-em-caruaru-confiante-na\/","title":{"rendered":"Tony Gel vota em Caruaru confiante na reelei\u00e7\u00e3o"},"content":{"rendered":"<div class=\"separator\" style=\"clear: both; text-align: center;\">\n<a href=\"https:\/\/1.bp.blogspot.com\/-HxnxB_Yd7HM\/W7pQPghM6fI\/AAAAAAAA7aE\/E126mq3Mv6MppkfBGhMrCnYNeRHYc1sZwCLcBGAs\/s1600\/tony.jpg\" imageanchor=\"1\" style=\"margin-left: 1em; margin-right: 1em;\"><img loading=\"lazy\" decoding=\"async\" border=\"0\" data-original-height=\"683\" data-original-width=\"1024\" height=\"426\" src=\"http:\/\/blogdoedvaldomagalhaes.com.br\/wp-content\/uploads\/2018\/10\/tony-1.jpg\" width=\"640\" \/><\/a><\/div>\n<div style=\"text-align: justify;\">\n<\/div>\n<div style=\"text-align: justify;\">\nO deputado estadual Tony Gel (MDB), que concorre \u00e0 reelei\u00e7\u00e3o, votou na manh\u00e3 deste domingo (07) no Col\u00e9gio Diocesano de Caruaru. O deputado chegou ao local acompanhado da fam\u00edlia e atendeu \u00e0 imprensa que o aguardava no local.<\/div>\n<div style=\"text-align: justify;\">\n<\/div>\n<div style=\"text-align: justify;\">\nSendo o deputado mais votado na \u00faltima elei\u00e7\u00e3o em Caruaru, ele acredita que nesse pleito n\u00e3o ser\u00e1 diferente. \u201cMinha expectativa \u00e9 ter uma vota\u00e7\u00e3o consagradora, mais uma vez, pois sempre tive vota\u00e7\u00f5es expressivas durante todos os meus mandatos, e eu espero que isso se repita porque eu tenho uma hist\u00f3ria e conto com a confian\u00e7a do povo de Caruaru e do Agreste\u201d, enfatizou.<\/div>\n<div style=\"text-align: justify;\">\n<\/div>\n<div style=\"text-align: justify;\">\nLogo ap\u00f3s, o deputado acompanhou a neta, Marina Lacerda, que votou pela primeira vez.<\/div>\n","protected":false},"excerpt":{"rendered":"<p>O deputado estadual Tony Gel (MDB), que concorre \u00e0 reelei\u00e7\u00e3o, votou na manh\u00e3 deste domingo (07) no Col\u00e9gio Diocesano de&hellip;<\/p>\n","protected":false},"author":1,"featured_media":0,"comment_status":"open","ping_status":"open","sticky":false,"template":"","format":"standard","meta":{"footnotes":""},"categories":[1],"tags":[2,20,1010],"class_list":["post-1065","post","type-post","status-publish","format-standard","hentry","category-sem-categoria","tag-blog-do-edvaldo-magalhaes","tag-politica","tag-tony-gel-vota-em-caruaru-confiante-na-reeleicao"],"_links":{"self":[{"href":"https:\/\/blogdoedvaldomagalhaes.com.br\/index.php\/wp-json\/wp\/v2\/posts\/1065","targetHints":{"allow":["GET"]}}],"collection":[{"href":"https:\/\/blogdoedvaldomagalhaes.com.br\/index.php\/wp-json\/wp\/v2\/posts"}],"about":[{"href":"https:\/\/blogdoedvaldomagalhaes.com.br\/index.php\/wp-json\/wp\/v2\/types\/post"}],"author":[{"embeddable":true,"href":"https:\/\/blogdoedvaldomagalhaes.com.br\/index.php\/wp-json\/wp\/v2\/users\/1"}],"replies":[{"embeddable":true,"href":"https:\/\/blogdoedvaldomagalhaes.com.br\/index.php\/wp-json\/wp\/v2\/comments?post=1065"}],"version-history":[{"count":1,"href":"https:\/\/blogdoedvaldomagalhaes.com.br\/index.php\/wp-json\/wp\/v2\/posts\/1065\/revisions"}],"predecessor-version":[{"id":34758,"href":"https:\/\/blogdoedvaldomagalhaes.com.br\/index.php\/wp-json\/wp\/v2\/posts\/1065\/revisions\/34758"}],"wp:attachment":[{"href":"https:\/\/blogdoedvaldomagalhaes.com.br\/index.php\/wp-json\/wp\/v2\/media?parent=1065"}],"wp:term":[{"taxonomy":"category","embeddable":true,"href":"https:\/\/blogdoedvaldomagalhaes.com.br\/index.php\/wp-json\/wp\/v2\/categories?post=1065"},{"taxonomy":"post_tag","embeddable":true,"href":"https:\/\/blogdoedvaldomagalhaes.com.br\/index.php\/wp-json\/wp\/v2\/tags?post=1065"}],"curies":[{"name":"wp","href":"https:\/\/api.w.org\/{rel}","templated":true}]}}