{"id":106493,"date":"2024-03-18T11:49:46","date_gmt":"2024-03-18T14:49:46","guid":{"rendered":"https:\/\/blogdoedvaldomagalhaes.com.br\/?p=106493"},"modified":"2024-03-18T11:49:47","modified_gmt":"2024-03-18T14:49:47","slug":"pm-prende-dois-homens-apreende-armas-e-pes-de-maconha","status":"publish","type":"post","link":"https:\/\/blogdoedvaldomagalhaes.com.br\/index.php\/2024\/03\/18\/pm-prende-dois-homens-apreende-armas-e-pes-de-maconha\/","title":{"rendered":"PM prende dois homens, apreende armas e p\u00e9s de maconha"},"content":{"rendered":"<p>Durante policiamento motorizado preventivo e ostensivo, domingo (17\/03) \u00e0 noite, policiais militares do 24\u00ba BPM prenderam dois homens no distrito de P\u00e3o de A\u00e7\u00facar, em Taquaritinga do Norte. O efetivo foi informado de que um suspeito havia plantado maconha pr\u00f3ximo a um terreno de sua sogra, no S\u00edtio Dantas, e se dirigiu ao local para fazer a checagem.<\/p>\n<p>O envolvido foi localizado na Rua Jos\u00e9 Jo\u00e3o da Silva e admitiu o plantio. Na \u00e1rea indicada, foram encontrados seis p\u00e9s do entorpecente. Questionado por uma arma, tamb\u00e9m alvo de den\u00fancia, ele revelou que havia comprado uma espingarda calibre .36 de um amigo, mas como ficou sem dinheiro para fazer o pagamento, acabou devolvendo.<\/p>\n<p>O homem indicou onde o dono da arma poderia ser encontrado. Foi feito o deslocamento e ele relatou que a espingarda estava guardada no S\u00edtio Jo\u00e1, onde foi apreendida com cinco cartuchos deflagrados e 37 intactos. Tamb\u00e9m foi encontrada uma espingarda de press\u00e3o e, enterrado no quintal, um rev\u00f3lver calibre .38 com cinco muni\u00e7\u00f5es.<\/p>\n<p>Toda a ocorr\u00eancia foi acompanhada pela Guarda Civil Municipal, e os suspeitos e todo o material foram apresentados na Delegacia de Pol\u00edcia da cidade.<br \/>\nFoto: Divulga\u00e7\u00e3o\/PMPE<\/p>\n<p>Seja seguidor do Instagram do Blog @blogdoedvaldomagalhaes<\/p>\n","protected":false},"excerpt":{"rendered":"<p>Durante policiamento motorizado preventivo e ostensivo, domingo (17\/03) \u00e0 noite, policiais militares do 24\u00ba BPM prenderam dois homens no distrito&hellip;<\/p>\n","protected":false},"author":1,"featured_media":106494,"comment_status":"closed","ping_status":"open","sticky":false,"template":"","format":"standard","meta":{"footnotes":""},"categories":[14121],"tags":[29440,2,28801,3406,30017],"class_list":["post-106493","post","type-post","status-publish","format-standard","has-post-thumbnail","hentry","category-policial","tag-blog-com-mais-visualizacao","tag-blog-do-edvaldo-magalhaes","tag-blog-mais-acessado","tag-caruaru","tag-pm-prende-dois-homens-apreende-armas-e-pes-de-maconha"],"_links":{"self":[{"href":"https:\/\/blogdoedvaldomagalhaes.com.br\/index.php\/wp-json\/wp\/v2\/posts\/106493","targetHints":{"allow":["GET"]}}],"collection":[{"href":"https:\/\/blogdoedvaldomagalhaes.com.br\/index.php\/wp-json\/wp\/v2\/posts"}],"about":[{"href":"https:\/\/blogdoedvaldomagalhaes.com.br\/index.php\/wp-json\/wp\/v2\/types\/post"}],"author":[{"embeddable":true,"href":"https:\/\/blogdoedvaldomagalhaes.com.br\/index.php\/wp-json\/wp\/v2\/users\/1"}],"replies":[{"embeddable":true,"href":"https:\/\/blogdoedvaldomagalhaes.com.br\/index.php\/wp-json\/wp\/v2\/comments?post=106493"}],"version-history":[{"count":1,"href":"https:\/\/blogdoedvaldomagalhaes.com.br\/index.php\/wp-json\/wp\/v2\/posts\/106493\/revisions"}],"predecessor-version":[{"id":106495,"href":"https:\/\/blogdoedvaldomagalhaes.com.br\/index.php\/wp-json\/wp\/v2\/posts\/106493\/revisions\/106495"}],"wp:featuredmedia":[{"embeddable":true,"href":"https:\/\/blogdoedvaldomagalhaes.com.br\/index.php\/wp-json\/wp\/v2\/media\/106494"}],"wp:attachment":[{"href":"https:\/\/blogdoedvaldomagalhaes.com.br\/index.php\/wp-json\/wp\/v2\/media?parent=106493"}],"wp:term":[{"taxonomy":"category","embeddable":true,"href":"https:\/\/blogdoedvaldomagalhaes.com.br\/index.php\/wp-json\/wp\/v2\/categories?post=106493"},{"taxonomy":"post_tag","embeddable":true,"href":"https:\/\/blogdoedvaldomagalhaes.com.br\/index.php\/wp-json\/wp\/v2\/tags?post=106493"}],"curies":[{"name":"wp","href":"https:\/\/api.w.org\/{rel}","templated":true}]}}