{"id":106490,"date":"2024-03-18T11:35:10","date_gmt":"2024-03-18T14:35:10","guid":{"rendered":"https:\/\/blogdoedvaldomagalhaes.com.br\/?p=106490"},"modified":"2024-03-18T11:35:11","modified_gmt":"2024-03-18T14:35:11","slug":"testemunhas-de-jeova-fazem-campanha-para-convidar-as-pessoas-para-o-evento-da-celebracao-da-morte-de-cristo-em-caruaru-e-regiao","status":"publish","type":"post","link":"https:\/\/blogdoedvaldomagalhaes.com.br\/index.php\/2024\/03\/18\/testemunhas-de-jeova-fazem-campanha-para-convidar-as-pessoas-para-o-evento-da-celebracao-da-morte-de-cristo-em-caruaru-e-regiao\/","title":{"rendered":"Testemunhas de Jeov\u00e1 fazem campanha para convidar as pessoas para o evento da Celebra\u00e7\u00e3o da Morte de Cristo, em Caruaru e regi\u00e3o"},"content":{"rendered":"<p class=\"s14\"><span class=\"s13\"><span class=\"bumpedFont15\">Para muitos, o domingo 24 de mar\u00e7o pode ser considerado uma data como outra qualquer, mas para milh\u00f5es de pessoas em todo o mundo, ser\u00e1 uma data significativa em que se reunir\u00e3o, ap\u00f3s o p\u00f4r do sol, para <\/span><\/span><span class=\"s13\"><span class=\"bumpedFont15\">lembrar<\/span><\/span><span class=\"s13\"><span class=\"bumpedFont15\"> a morte de Jesus Cristo.<\/span><\/span><\/p>\n<p class=\"s14\">\n<p class=\"s14\"><span class=\"s13\"><span class=\"bumpedFont15\">Considerado o dia mais importante do ano para as Testemunhas de Jeov\u00e1, a Celebra\u00e7\u00e3o <\/span><\/span><span class=\"s13\"><span class=\"bumpedFont15\">da Morte de Jesus <\/span><\/span><span class=\"s13\"><span class=\"bumpedFont15\">ocorre anualmente no dia 14 do m\u00eas de nis\u00e3 do calend\u00e1rio judaico, que este ano corresponde ao <\/span><\/span><span class=\"s15\"><span class=\"bumpedFont15\">domingo, dia 24 de mar\u00e7o, <\/span><\/span><span class=\"s13\"><span class=\"bumpedFont15\">ap\u00f3s o p\u00f4r do sol. Em cumprimento \u00e0 declara\u00e7\u00e3o de Jesus encontrada em Lucas 22:19: \u201cPersistam em fazer isso em mem\u00f3ria de mim\u201d, mais de 8,6 milh\u00f5es de Testemunhas de Jeov\u00e1 em todo o mundo se reunir\u00e3o para lembrar essa data importante e convidam outros a tamb\u00e9m estarem presentes. Ano passado, quase 20 milh\u00f5es de pessoas compareceram ao evento.<\/span><\/span><\/p>\n<p class=\"s14\">\n<p class=\"s14\"><span class=\"s13\"><span class=\"bumpedFont15\">\u201cEm todo o mundo, muitas pessoas que n\u00e3o s\u00e3o Testemunhas de Jeov\u00e1 assistem \u00e0 Celebra\u00e7\u00e3o. Esperamos que os me<\/span><\/span><span class=\"s13\"><span class=\"bumpedFont15\">mbros da nossa comunidade <\/span><\/span><span class=\"s13\"><span class=\"bumpedFont15\">tamb\u00e9m se juntem a n\u00f3s para lembrar a morte de Jesus Cristo e mostrar gratid\u00e3o pelo seu sacrif\u00edcio\u201d, disse <\/span><\/span><span class=\"s16\"><span class=\"bumpedFont15\">Diogo Gon\u00e7alves, <\/span><\/span><span class=\"s13\"><span class=\"bumpedFont15\">porta-voz das Testemunhas de Jeov\u00e1. \u201cEmbora seja uma ocasi\u00e3o solene<\/span><\/span><span class=\"s13\"><span class=\"bumpedFont15\">,<\/span><\/span><span class=\"s13\"><span class=\"bumpedFont15\">tamb\u00e9m \u00e9 alegre, pois conhecemos novas pessoas e compartilhamos a alegria de seguirmos a Cristo\u201d.<\/span><\/span><\/p>\n<p class=\"s14\">\n<p class=\"s14\"><span class=\"s13\"><span class=\"bumpedFont15\">O evento ter\u00e1 a dura\u00e7\u00e3o de uma hora e contar\u00e1 com um discurso que vai destacar a import\u00e2ncia da morte de Jesus e o que ela significa para toda a humanidade.<\/span><\/span><\/p>\n<p class=\"s14\">\n<p class=\"s14\"><span class=\"s13\"><span class=\"bumpedFont15\">Na regi\u00e3o de <\/span><\/span><span class=\"s16\"><span class=\"bumpedFont15\">Caruaru<\/span><\/span><span class=\"s13\"><span class=\"bumpedFont15\">, uma campanha especial ser\u00e1 realizada em mar\u00e7o de 2024 para convidar os moradores locais a assistir \u00e0 celebra\u00e7\u00e3o anual da Refei\u00e7\u00e3o Noturna do Senhor, bem como para assistir a um discurso especial que ser\u00e1 proferido na semana anterior.<\/span><\/span><\/p>\n<p class=\"s14\">\n<p class=\"s14\"><span class=\"s13\"><span class=\"bumpedFont15\">Com o tema <\/span><\/span><span class=\"s15\"><span class=\"bumpedFont15\">\u201cRessurrei\u00e7\u00e3o \u2013 A vit\u00f3ria sobre a morte\u201d,<\/span><\/span><span class=\"s13\"><span class=\"bumpedFont15\"> o discurso especial ser\u00e1 proferido nos Sal\u00f5es do Reino no fim de semana de 16 e 17 de mar\u00e7o de 2024. Este discurso de 30 minutos, baseado na B\u00edblia, ter\u00e1 como foco a esperan\u00e7a b\u00edblica de uma ressurrei\u00e7\u00e3o dos mortos num futuro pr\u00f3ximo.<\/span><\/span><\/p>\n<p class=\"s14\">\n<p class=\"s14\"><span class=\"s16\"><span class=\"bumpedFont15\">Clau<\/span><\/span><span class=\"s16\"><span class=\"bumpedFont15\">diany Mendes<\/span><\/span> <span class=\"s13\"><span class=\"bumpedFont15\">diz: \u201cMinha fam\u00edlia aguarda ansiosamente o ano todo pelo discurso especial e pela Celebra\u00e7\u00e3o. Os eventos s\u00e3o pr\u00e1ticos e instrutivos, mas tamb\u00e9m nos ajudam a fazer uma pausa e refletir sobre todas as coisas pelas quais podemos ser gratos, coisas essas que podemos considerar b\u00ean\u00e7\u00e3os de Deus\u201d.<\/span><\/span><\/p>\n<p class=\"s14\">\n<p class=\"s14\"><span class=\"s13\"><span class=\"bumpedFont15\">Para saber mais sobre como as Testemunhas de Jeov\u00e1 celebram a Ceia do Senhor, visite a p\u00e1gina <\/span><\/span><a href=\"https:\/\/www.jw.org\/pt\/testemunhas-de-jeova\/perguntas-frequentes\/ceia-do-senhor\/\"><span class=\"s17\"><span class=\"bumpedFont15\">Perguntas Frequentes<\/span><\/span><\/a><span class=\"s13\"><span class=\"bumpedFont15\">, no <\/span><\/span><a href=\"https:\/\/www.jw.org\/pt\/\"><span class=\"s18\"><span class=\"bumpedFont15\">jw.org<\/span><\/span><\/a><span class=\"s13\"><span class=\"bumpedFont15\">, o site oficial das Testemunhas de Jeov\u00e1.<\/span><\/span><\/p>\n<p class=\"s14\">\n<p class=\"s14\"><span class=\"s13\"><span class=\"bumpedFont15\">Para mais informa\u00e7\u00f5es sobre a Celebra\u00e7\u00e3o de 2024 e o discurso especial e como participar, por favor, visite <\/span><\/span><a href=\"https:\/\/www.jw.org\/pt\/\"><span class=\"s18\"><span class=\"bumpedFont15\">jw.org<\/span><\/span><\/a><span class=\"s13\"><span class=\"bumpedFont15\">.<\/span><\/span><\/p>\n","protected":false},"excerpt":{"rendered":"<p>Para muitos, o domingo 24 de mar\u00e7o pode ser considerado uma data como outra qualquer, mas para milh\u00f5es de pessoas&hellip;<\/p>\n","protected":false},"author":1,"featured_media":106491,"comment_status":"closed","ping_status":"open","sticky":false,"template":"","format":"standard","meta":{"footnotes":""},"categories":[14120],"tags":[29440,2,28801,3406,30016],"class_list":["post-106490","post","type-post","status-publish","format-standard","has-post-thumbnail","hentry","category-noticias","tag-blog-com-mais-visualizacao","tag-blog-do-edvaldo-magalhaes","tag-blog-mais-acessado","tag-caruaru","tag-testemunhas-de-jeova-fazem-campanha-para-convidar-as-pessoas-para-o-evento-da-celebracao-da-morte-de-cristo-em-caruaru-e-regiao"],"_links":{"self":[{"href":"https:\/\/blogdoedvaldomagalhaes.com.br\/index.php\/wp-json\/wp\/v2\/posts\/106490","targetHints":{"allow":["GET"]}}],"collection":[{"href":"https:\/\/blogdoedvaldomagalhaes.com.br\/index.php\/wp-json\/wp\/v2\/posts"}],"about":[{"href":"https:\/\/blogdoedvaldomagalhaes.com.br\/index.php\/wp-json\/wp\/v2\/types\/post"}],"author":[{"embeddable":true,"href":"https:\/\/blogdoedvaldomagalhaes.com.br\/index.php\/wp-json\/wp\/v2\/users\/1"}],"replies":[{"embeddable":true,"href":"https:\/\/blogdoedvaldomagalhaes.com.br\/index.php\/wp-json\/wp\/v2\/comments?post=106490"}],"version-history":[{"count":1,"href":"https:\/\/blogdoedvaldomagalhaes.com.br\/index.php\/wp-json\/wp\/v2\/posts\/106490\/revisions"}],"predecessor-version":[{"id":106492,"href":"https:\/\/blogdoedvaldomagalhaes.com.br\/index.php\/wp-json\/wp\/v2\/posts\/106490\/revisions\/106492"}],"wp:featuredmedia":[{"embeddable":true,"href":"https:\/\/blogdoedvaldomagalhaes.com.br\/index.php\/wp-json\/wp\/v2\/media\/106491"}],"wp:attachment":[{"href":"https:\/\/blogdoedvaldomagalhaes.com.br\/index.php\/wp-json\/wp\/v2\/media?parent=106490"}],"wp:term":[{"taxonomy":"category","embeddable":true,"href":"https:\/\/blogdoedvaldomagalhaes.com.br\/index.php\/wp-json\/wp\/v2\/categories?post=106490"},{"taxonomy":"post_tag","embeddable":true,"href":"https:\/\/blogdoedvaldomagalhaes.com.br\/index.php\/wp-json\/wp\/v2\/tags?post=106490"}],"curies":[{"name":"wp","href":"https:\/\/api.w.org\/{rel}","templated":true}]}}