{"id":106487,"date":"2024-03-18T10:19:13","date_gmt":"2024-03-18T13:19:13","guid":{"rendered":"https:\/\/blogdoedvaldomagalhaes.com.br\/?p=106487"},"modified":"2024-03-18T10:19:14","modified_gmt":"2024-03-18T13:19:14","slug":"pm-captura-tres-homens-acusados-de-trafico-de-drogas-e-porte-ilegal-de-arma-de-fogo","status":"publish","type":"post","link":"https:\/\/blogdoedvaldomagalhaes.com.br\/index.php\/2024\/03\/18\/pm-captura-tres-homens-acusados-de-trafico-de-drogas-e-porte-ilegal-de-arma-de-fogo\/","title":{"rendered":"PM captura tr\u00eas homens acusados de tr\u00e1fico de drogas e porte ilegal de arma de fogo"},"content":{"rendered":"<p>Policiais militares do 25\u00ba BPM prenderam, domingo (17\/03), tr\u00eas homens, sendo dois deles monitorados por tornozeleira eletr\u00f4nica, por tr\u00e1fico de entorpecentes e porte ilegal de arma de fogo. O efetivo recebeu den\u00fancia de que o trio estava aterrorizando a comunidade da Favelinha, na Rua Vale Verde, restringindo o direito de ir e vir, no Curado IV, em Jaboat\u00e3o dos Guararapes.<\/p>\n<p>Foi feito o deslocamento at\u00e9 o local e os suspeitos foram localizados. Um deles tentou, sem sucesso, se livrar de um rev\u00f3lver calibre .38 com seis muni\u00e7\u00f5es. Tamb\u00e9m foram apreendidos com eles 26 pedras e 13g de crack, 16 big bigs e 500g de maconha, uma faca, um celular e R$ 16,00 em esp\u00e9cie. Os envolvidos e todo o material foram apresentados na Delegacia de Prazeres, para ado\u00e7\u00e3o das medidas cab\u00edveis.<br \/>\nFoto: Divulga\u00e7\u00e3o\/PMPE<\/p>\n<p>Seja seguidor do Instagram do Blog @blogdoedvaldomagalhaes<\/p>\n","protected":false},"excerpt":{"rendered":"<p>Policiais militares do 25\u00ba BPM prenderam, domingo (17\/03), tr\u00eas homens, sendo dois deles monitorados por tornozeleira eletr\u00f4nica, por tr\u00e1fico de&hellip;<\/p>\n","protected":false},"author":1,"featured_media":106488,"comment_status":"closed","ping_status":"open","sticky":false,"template":"","format":"standard","meta":{"footnotes":""},"categories":[14121],"tags":[29440,2,28801,3406,30015],"class_list":["post-106487","post","type-post","status-publish","format-standard","has-post-thumbnail","hentry","category-policial","tag-blog-com-mais-visualizacao","tag-blog-do-edvaldo-magalhaes","tag-blog-mais-acessado","tag-caruaru","tag-pm-captura-tres-homens-acusados-de-trafico-de-drogas-e-porte-ilegal-de-arma-de-fogo"],"_links":{"self":[{"href":"https:\/\/blogdoedvaldomagalhaes.com.br\/index.php\/wp-json\/wp\/v2\/posts\/106487","targetHints":{"allow":["GET"]}}],"collection":[{"href":"https:\/\/blogdoedvaldomagalhaes.com.br\/index.php\/wp-json\/wp\/v2\/posts"}],"about":[{"href":"https:\/\/blogdoedvaldomagalhaes.com.br\/index.php\/wp-json\/wp\/v2\/types\/post"}],"author":[{"embeddable":true,"href":"https:\/\/blogdoedvaldomagalhaes.com.br\/index.php\/wp-json\/wp\/v2\/users\/1"}],"replies":[{"embeddable":true,"href":"https:\/\/blogdoedvaldomagalhaes.com.br\/index.php\/wp-json\/wp\/v2\/comments?post=106487"}],"version-history":[{"count":1,"href":"https:\/\/blogdoedvaldomagalhaes.com.br\/index.php\/wp-json\/wp\/v2\/posts\/106487\/revisions"}],"predecessor-version":[{"id":106489,"href":"https:\/\/blogdoedvaldomagalhaes.com.br\/index.php\/wp-json\/wp\/v2\/posts\/106487\/revisions\/106489"}],"wp:featuredmedia":[{"embeddable":true,"href":"https:\/\/blogdoedvaldomagalhaes.com.br\/index.php\/wp-json\/wp\/v2\/media\/106488"}],"wp:attachment":[{"href":"https:\/\/blogdoedvaldomagalhaes.com.br\/index.php\/wp-json\/wp\/v2\/media?parent=106487"}],"wp:term":[{"taxonomy":"category","embeddable":true,"href":"https:\/\/blogdoedvaldomagalhaes.com.br\/index.php\/wp-json\/wp\/v2\/categories?post=106487"},{"taxonomy":"post_tag","embeddable":true,"href":"https:\/\/blogdoedvaldomagalhaes.com.br\/index.php\/wp-json\/wp\/v2\/tags?post=106487"}],"curies":[{"name":"wp","href":"https:\/\/api.w.org\/{rel}","templated":true}]}}