{"id":106480,"date":"2024-03-18T08:28:22","date_gmt":"2024-03-18T11:28:22","guid":{"rendered":"https:\/\/blogdoedvaldomagalhaes.com.br\/?p=106480"},"modified":"2024-03-18T08:30:35","modified_gmt":"2024-03-18T11:30:35","slug":"vereador-jorge-quintino-se-reaproxima-da-governadora-raquel-lyra","status":"publish","type":"post","link":"https:\/\/blogdoedvaldomagalhaes.com.br\/index.php\/2024\/03\/18\/vereador-jorge-quintino-se-reaproxima-da-governadora-raquel-lyra\/","title":{"rendered":"Vereador Jorge Quintino se reaproxima da governadora Raquel Lyra"},"content":{"rendered":"<p>O evento de filia\u00e7\u00e3o do PSDB que ocorreu na manh\u00e3 desse domingo, 17, em Maria Jos\u00e9 Recep\u00e7\u00f5es 2, contou com lideran\u00e7as expressivas da cidade e regi\u00e3o, por\u00e9m a presen\u00e7a da governadora Raquel Lyra, que veio reinterar seu apoio \u00e0 reelei\u00e7\u00e3o do prefeito Rodrigo Pinheiro, foi o foco das aten\u00e7\u00f5es. Outro ponto foi a movimenta\u00e7\u00e3o de vereadores do munic\u00edpio que permanecem na legenda reafirmando a for\u00e7a do partido na disputa do pleito municipal.<\/p>\n<p>Dentro do mesmo espirito de reeleger o prefeito Rodrigo Pinheiro, v\u00e1rios vereadores de outras legendas compareceram, e no caso do vereador Jorge Quintino, rec\u00e9m filiado ao Podemos, houve tamb\u00e9m a oportunidade de estreitar la\u00e7os com Raquel, fato que se deu dialogando com o ex-prefeito e ex-governador Jo\u00e3o Lyra Neto e com o Assessor especial da Casa Civil e dirigente estadual do PSDB, Rubens J\u00fanior. O vereador colocou pautas relativas a Cultura popular, Educa\u00e7\u00e3o, Autismo, Mobilidade urbana e Meio ambiente, visivelmente bandeiras de seu mandato.<\/p>\n<p>Rubens J\u00fanior celebrou o retorno de Quintino ao grupo: &#8220;Jorge Quintino \u00e9 um quadro importante da pol\u00edtica de Caruaru seu conhecimento na educa\u00e7\u00e3o seu conhecimento dos problemas que vivem a nossa cidade vem se somar a import\u00e2ncia da C\u00e2mara de Vereadores e dos demais membros daquela casa seja bem-vindo de volta amigo Jorge Quintino.&#8221;<\/p>\n<p>&#8220;Estou construindo pontes cada vez mais s\u00f3lidas com o prefeito Rodrigo Pinheiro. O alinhamento com o Prefeito Rodrigo e com a Governadora Raquel Lyra faz-se em um momento que Caruaru deve consolidar os avan\u00e7os pol\u00edticos e sociais. Acredito que o di\u00e1logo \u00e9 a chave para nosso desenvolvimento. Nesse sentido, estamos conversando espacialmente com o Rubens J\u00fanior como um interlocutor que como eu ama nossa cidade&#8221;, relatou o vereador Jorge Quintino.<br \/>\nFoto: Divulga\u00e7\u00e3o<\/p>\n<p>Seja seguidor do Instagram do Blog @blogdoedvaldomagalhaes<\/p>\n","protected":false},"excerpt":{"rendered":"<p>O evento de filia\u00e7\u00e3o do PSDB que ocorreu na manh\u00e3 desse domingo, 17, em Maria Jos\u00e9 Recep\u00e7\u00f5es 2, contou com&hellip;<\/p>\n","protected":false},"author":1,"featured_media":106483,"comment_status":"closed","ping_status":"open","sticky":false,"template":"","format":"standard","meta":{"footnotes":""},"categories":[14122],"tags":[29440,2,28801,3406,20,30013],"class_list":["post-106480","post","type-post","status-publish","format-standard","has-post-thumbnail","hentry","category-politica","tag-blog-com-mais-visualizacao","tag-blog-do-edvaldo-magalhaes","tag-blog-mais-acessado","tag-caruaru","tag-politica","tag-vereador-jorge-quintino-se-reaproxima-da-governadora-raquel-lyra"],"_links":{"self":[{"href":"https:\/\/blogdoedvaldomagalhaes.com.br\/index.php\/wp-json\/wp\/v2\/posts\/106480","targetHints":{"allow":["GET"]}}],"collection":[{"href":"https:\/\/blogdoedvaldomagalhaes.com.br\/index.php\/wp-json\/wp\/v2\/posts"}],"about":[{"href":"https:\/\/blogdoedvaldomagalhaes.com.br\/index.php\/wp-json\/wp\/v2\/types\/post"}],"author":[{"embeddable":true,"href":"https:\/\/blogdoedvaldomagalhaes.com.br\/index.php\/wp-json\/wp\/v2\/users\/1"}],"replies":[{"embeddable":true,"href":"https:\/\/blogdoedvaldomagalhaes.com.br\/index.php\/wp-json\/wp\/v2\/comments?post=106480"}],"version-history":[{"count":1,"href":"https:\/\/blogdoedvaldomagalhaes.com.br\/index.php\/wp-json\/wp\/v2\/posts\/106480\/revisions"}],"predecessor-version":[{"id":106482,"href":"https:\/\/blogdoedvaldomagalhaes.com.br\/index.php\/wp-json\/wp\/v2\/posts\/106480\/revisions\/106482"}],"wp:featuredmedia":[{"embeddable":true,"href":"https:\/\/blogdoedvaldomagalhaes.com.br\/index.php\/wp-json\/wp\/v2\/media\/106483"}],"wp:attachment":[{"href":"https:\/\/blogdoedvaldomagalhaes.com.br\/index.php\/wp-json\/wp\/v2\/media?parent=106480"}],"wp:term":[{"taxonomy":"category","embeddable":true,"href":"https:\/\/blogdoedvaldomagalhaes.com.br\/index.php\/wp-json\/wp\/v2\/categories?post=106480"},{"taxonomy":"post_tag","embeddable":true,"href":"https:\/\/blogdoedvaldomagalhaes.com.br\/index.php\/wp-json\/wp\/v2\/tags?post=106480"}],"curies":[{"name":"wp","href":"https:\/\/api.w.org\/{rel}","templated":true}]}}