{"id":106477,"date":"2024-03-17T21:10:58","date_gmt":"2024-03-18T00:10:58","guid":{"rendered":"https:\/\/blogdoedvaldomagalhaes.com.br\/?p=106477"},"modified":"2024-03-17T21:10:59","modified_gmt":"2024-03-18T00:10:59","slug":"secretaria-de-educacao-e-esportes-de-caruaru-convoca-atletas-de-futsal-feminino","status":"publish","type":"post","link":"https:\/\/blogdoedvaldomagalhaes.com.br\/index.php\/2024\/03\/17\/secretaria-de-educacao-e-esportes-de-caruaru-convoca-atletas-de-futsal-feminino\/","title":{"rendered":"Secretaria de Educa\u00e7\u00e3o e Esportes de Caruaru convoca atletas de futsal feminino"},"content":{"rendered":"<p>A Secretaria Municipal de Educa\u00e7\u00e3o e Esportes de Caruaru convoca as atletas de futsal, a partir dos 20 anos, que j\u00e1 s\u00e3o treinadas e est\u00e3o aptas para competir, a fim de compor a Sele\u00e7\u00e3o Feminina de Futsal de Caruaru de alto rendimento.<\/p>\n<p>Atletas interessadas devem comparecer at\u00e9 ao gin\u00e1sio da Escola de Tempo Integral \u00c1lvaro Lins, no bairro Maur\u00edcio de Nassau. Confira abaixo, os dias e hor\u00e1rios dos treinamentos com o t\u00e9cnico Adjair Pacheco, no gin\u00e1sio do \u00c1lvaro Lins.<br \/>\nFoto: Divulga\u00e7\u00e3o <\/p>\n<p>Ter\u00e7as-feiras e sextas-feiras: 18h30 \u00e0s 20h30.<\/p>\n<p>Seja seguidor do Instagram do Blog @blogdoedvaldomagalhaes<\/p>\n","protected":false},"excerpt":{"rendered":"<p>A Secretaria Municipal de Educa\u00e7\u00e3o e Esportes de Caruaru convoca as atletas de futsal, a partir dos 20 anos, que&hellip;<\/p>\n","protected":false},"author":1,"featured_media":106478,"comment_status":"closed","ping_status":"open","sticky":false,"template":"","format":"standard","meta":{"footnotes":""},"categories":[14120],"tags":[29440,2,28801,3406,30012],"class_list":["post-106477","post","type-post","status-publish","format-standard","has-post-thumbnail","hentry","category-noticias","tag-blog-com-mais-visualizacao","tag-blog-do-edvaldo-magalhaes","tag-blog-mais-acessado","tag-caruaru","tag-secretaria-de-educacao-e-esportes-de-caruaru-convoca-atletas-de-futsal-feminino"],"_links":{"self":[{"href":"https:\/\/blogdoedvaldomagalhaes.com.br\/index.php\/wp-json\/wp\/v2\/posts\/106477","targetHints":{"allow":["GET"]}}],"collection":[{"href":"https:\/\/blogdoedvaldomagalhaes.com.br\/index.php\/wp-json\/wp\/v2\/posts"}],"about":[{"href":"https:\/\/blogdoedvaldomagalhaes.com.br\/index.php\/wp-json\/wp\/v2\/types\/post"}],"author":[{"embeddable":true,"href":"https:\/\/blogdoedvaldomagalhaes.com.br\/index.php\/wp-json\/wp\/v2\/users\/1"}],"replies":[{"embeddable":true,"href":"https:\/\/blogdoedvaldomagalhaes.com.br\/index.php\/wp-json\/wp\/v2\/comments?post=106477"}],"version-history":[{"count":1,"href":"https:\/\/blogdoedvaldomagalhaes.com.br\/index.php\/wp-json\/wp\/v2\/posts\/106477\/revisions"}],"predecessor-version":[{"id":106479,"href":"https:\/\/blogdoedvaldomagalhaes.com.br\/index.php\/wp-json\/wp\/v2\/posts\/106477\/revisions\/106479"}],"wp:featuredmedia":[{"embeddable":true,"href":"https:\/\/blogdoedvaldomagalhaes.com.br\/index.php\/wp-json\/wp\/v2\/media\/106478"}],"wp:attachment":[{"href":"https:\/\/blogdoedvaldomagalhaes.com.br\/index.php\/wp-json\/wp\/v2\/media?parent=106477"}],"wp:term":[{"taxonomy":"category","embeddable":true,"href":"https:\/\/blogdoedvaldomagalhaes.com.br\/index.php\/wp-json\/wp\/v2\/categories?post=106477"},{"taxonomy":"post_tag","embeddable":true,"href":"https:\/\/blogdoedvaldomagalhaes.com.br\/index.php\/wp-json\/wp\/v2\/tags?post=106477"}],"curies":[{"name":"wp","href":"https:\/\/api.w.org\/{rel}","templated":true}]}}