{"id":106462,"date":"2024-03-17T18:26:18","date_gmt":"2024-03-17T21:26:18","guid":{"rendered":"https:\/\/blogdoedvaldomagalhaes.com.br\/?p=106462"},"modified":"2024-03-17T19:05:48","modified_gmt":"2024-03-17T22:05:48","slug":"homem-morre-atropelado-pelo-proprio-veiculo-em-caruaru","status":"publish","type":"post","link":"https:\/\/blogdoedvaldomagalhaes.com.br\/index.php\/2024\/03\/17\/homem-morre-atropelado-pelo-proprio-veiculo-em-caruaru\/","title":{"rendered":"Homem morre atropelado pelo pr\u00f3prio ve\u00edculo em Caruaru"},"content":{"rendered":"<p><span style=\"font-size: revert;\">Um motorista perdeu a vida no final da tarde deste domingo (17.03), no Bairro Cidade Jardim, em Caruaru. Sebasti\u00e3o F\u00e9lix Nogueira, conhecido como Sebasti\u00e3o do Carv\u00e3o (foto abaixo), de 70 anos de idade, perdeu a vida ap\u00f3s tentar segurar o pr\u00f3prio caminh\u00e3o que estava desgovernado. O ve\u00edculo ainda atingiu um carro que estava passando no local.<\/span><\/p>\n<p><span style=\"font-size: revert;\"><br \/><\/span><span style=\"font-size: revert;\">Os Agentes de Tr\u00e2nsito (AMTTC), isolaram o local e aguardaram a chegada da per\u00edcia para investigar as circunst\u00e2ncias do sinistro. Equipes <\/span>do SAMU foram acionadas, mas a v\u00edtima n\u00e3o resistiu aos ferimentos e acabou falecendo no local. <span style=\"font-size: revert;\">Foto: Adielson Galv\u00e3o.<\/span><\/p>\n<p>Seja seguidor do Instagram do Blog @blogdoedvaldomagalhaes<\/p>\n\n\n<figure class=\"wp-block-image size-large\"><img loading=\"lazy\" decoding=\"async\" width=\"554\" height=\"1024\" src=\"https:\/\/blogdoedvaldomagalhaes.com.br\/wp-content\/uploads\/2024\/03\/4624f335-3414-4547-8f98-a72187a08dc7-554x1024.jpeg\" alt=\"\" class=\"wp-image-106469\" srcset=\"https:\/\/blogdoedvaldomagalhaes.com.br\/wp-content\/uploads\/2024\/03\/4624f335-3414-4547-8f98-a72187a08dc7-554x1024.jpeg 554w, https:\/\/blogdoedvaldomagalhaes.com.br\/wp-content\/uploads\/2024\/03\/4624f335-3414-4547-8f98-a72187a08dc7-162x300.jpeg 162w, https:\/\/blogdoedvaldomagalhaes.com.br\/wp-content\/uploads\/2024\/03\/4624f335-3414-4547-8f98-a72187a08dc7-768x1419.jpeg 768w, https:\/\/blogdoedvaldomagalhaes.com.br\/wp-content\/uploads\/2024\/03\/4624f335-3414-4547-8f98-a72187a08dc7-831x1536.jpeg 831w, https:\/\/blogdoedvaldomagalhaes.com.br\/wp-content\/uploads\/2024\/03\/4624f335-3414-4547-8f98-a72187a08dc7.jpeg 866w\" sizes=\"auto, (max-width: 554px) 100vw, 554px\" \/><\/figure>\n","protected":false},"excerpt":{"rendered":"<p>Um motorista perdeu a vida no final da tarde deste domingo (17.03), no Bairro Cidade Jardim, em Caruaru. Sebasti\u00e3o F\u00e9lix&hellip;<\/p>\n","protected":false},"author":1,"featured_media":106463,"comment_status":"closed","ping_status":"open","sticky":false,"template":"","format":"standard","meta":{"footnotes":""},"categories":[14120],"tags":[29440,2,28801,3406,30009],"class_list":["post-106462","post","type-post","status-publish","format-standard","has-post-thumbnail","hentry","category-noticias","tag-blog-com-mais-visualizacao","tag-blog-do-edvaldo-magalhaes","tag-blog-mais-acessado","tag-caruaru","tag-homem-morre-atropelado-pelo-proprio-veiculo-em-caruaru"],"_links":{"self":[{"href":"https:\/\/blogdoedvaldomagalhaes.com.br\/index.php\/wp-json\/wp\/v2\/posts\/106462","targetHints":{"allow":["GET"]}}],"collection":[{"href":"https:\/\/blogdoedvaldomagalhaes.com.br\/index.php\/wp-json\/wp\/v2\/posts"}],"about":[{"href":"https:\/\/blogdoedvaldomagalhaes.com.br\/index.php\/wp-json\/wp\/v2\/types\/post"}],"author":[{"embeddable":true,"href":"https:\/\/blogdoedvaldomagalhaes.com.br\/index.php\/wp-json\/wp\/v2\/users\/1"}],"replies":[{"embeddable":true,"href":"https:\/\/blogdoedvaldomagalhaes.com.br\/index.php\/wp-json\/wp\/v2\/comments?post=106462"}],"version-history":[{"count":4,"href":"https:\/\/blogdoedvaldomagalhaes.com.br\/index.php\/wp-json\/wp\/v2\/posts\/106462\/revisions"}],"predecessor-version":[{"id":106470,"href":"https:\/\/blogdoedvaldomagalhaes.com.br\/index.php\/wp-json\/wp\/v2\/posts\/106462\/revisions\/106470"}],"wp:featuredmedia":[{"embeddable":true,"href":"https:\/\/blogdoedvaldomagalhaes.com.br\/index.php\/wp-json\/wp\/v2\/media\/106463"}],"wp:attachment":[{"href":"https:\/\/blogdoedvaldomagalhaes.com.br\/index.php\/wp-json\/wp\/v2\/media?parent=106462"}],"wp:term":[{"taxonomy":"category","embeddable":true,"href":"https:\/\/blogdoedvaldomagalhaes.com.br\/index.php\/wp-json\/wp\/v2\/categories?post=106462"},{"taxonomy":"post_tag","embeddable":true,"href":"https:\/\/blogdoedvaldomagalhaes.com.br\/index.php\/wp-json\/wp\/v2\/tags?post=106462"}],"curies":[{"name":"wp","href":"https:\/\/api.w.org\/{rel}","templated":true}]}}