{"id":106459,"date":"2024-03-17T16:32:50","date_gmt":"2024-03-17T19:32:50","guid":{"rendered":"https:\/\/blogdoedvaldomagalhaes.com.br\/?p=106459"},"modified":"2024-03-17T16:32:51","modified_gmt":"2024-03-17T19:32:51","slug":"psdb-realiza-filiacoes-e-lanca-pre-candidatura-de-rodrigo-pinheiro-a-reeleicao","status":"publish","type":"post","link":"https:\/\/blogdoedvaldomagalhaes.com.br\/index.php\/2024\/03\/17\/psdb-realiza-filiacoes-e-lanca-pre-candidatura-de-rodrigo-pinheiro-a-reeleicao\/","title":{"rendered":"PSDB realiza filia\u00e7\u00f5es e lan\u00e7a pr\u00e9-candidatura de Rodrigo Pinheiro \u00e0 reelei\u00e7\u00e3o"},"content":{"rendered":"<p>Com audit\u00f3rio lotado, o evento realizado na manh\u00e3 deste domingo (17) em Caruaru serviu para carimbar, mais uma vez, a for\u00e7a do atual prefeito do munic\u00edpio, Rodrigo Pinheiro (PSDB). <\/p>\n<p>O ber\u00e7o pol\u00edtico da governadora Raquel Lyra contou com cerca de 1500 presentes e celebrou a parceria entre os chefes dos Executivos Estadual e Municipal, que outrora fizeram parte da mesma chapa, como prefeita e vice-prefeito. <\/p>\n<p>O time tucano na Capital do Forr\u00f3 contar\u00e1 com um grande refor\u00e7o: ser\u00e3o 11 vereadores com mandato disputando a reelei\u00e7\u00e3o junto ao grupo do atual prefeito e pr\u00e9-candidato \u00e0 reelei\u00e7\u00e3o. <\/p>\n<p>A governadora Raquel Lyra discursou sobre os desafios que Rodrigo Pinheiro ter\u00e1 at\u00e9 a reelei\u00e7\u00e3o, lembrando do desafio que \u00e9 gerir um munic\u00edpio do tamanho de Caruaru.<\/p>\n<p>&#8220;Precisamos falar de futuro. Se estivesse tudo pronto, n\u00e3o seria necess\u00e1rio uma nova pr\u00e9-candidatura sua, n\u00e3o estar\u00edamos aqui falando da sua reelei\u00e7\u00e3o. Digo aqui que voc\u00ea est\u00e1 pronto para assumir esse compromisso com a for\u00e7a do voto de Caruaru (&#8230;) O PSDB \u00e9 o partido que mais vai crescer em Pernambuco nesta elei\u00e7\u00e3o, e crescer\u00e1 tendo Caruaru como refer\u00eancia&#8221;, declarou Raquel Lyra.<\/p>\n<p>Rodrigo Pinheiro, que ser\u00e1 uma das prioridades do PSDB em Pernambuco nestas elei\u00e7\u00f5es municipais, deu o pontap\u00e9 inicial na sua pr\u00e9-campanha ressaltando que seguir\u00e1 construindo um projeto em torno de Caruaru.<\/p>\n<p>&#8220;Tudo o que a C\u00e2mara e a Prefeitura de Caruaru fizeram e fazem tem como foco resultados para a popula\u00e7\u00e3o. Nossa gest\u00e3o dialoga com todos os setores da nossa sociedade e queremos dar continuidade a esse projeto.  Junto \u00e0 governadora, queremos continuar construindo pelos caruaruenses&#8221;, ressaltou o gestor.<\/p>\n<p>Representando a chapa de vereadores, o presidente da C\u00e2mara dos Vereadores de Caruaru, Bruno Lambreta, destacou que o grupo seguir\u00e1 muito unido para a corrida eleitoral.<\/p>\n<p>&#8220;O nosso projeto todo est\u00e1 reunido aqui e o compromisso desse grupo \u00e9 um s\u00f3: cuidar do povo caruaruense. N\u00e3o \u00e9 \u00e0 toa que foi por aqui que Raquel come\u00e7ou e hoje tem o dever de cuidar de todos os pernambucanos&#8221;, afirmou.<\/p>\n<p>O presidente estadual do PSDB, Fred Loyo, voltou a refor\u00e7ar que o partido continuar\u00e1 na miss\u00e3o de apoiar a reelei\u00e7\u00e3o de Rodrigo Pinheiro.<\/p>\n<p>&#8220;Para mim, estar aqui em Caruaru hoje \u00e9 uma grande alegria. Foi aqui que tudo come\u00e7ou. Foi aqui, governadora, que come\u00e7ou a sua trajet\u00f3ria como gestora p\u00fablica. Voc\u00ea transformou a cidade assim como est\u00e1 transformando Pernambuco. No primeiro dia enquanto presidente do PSDB, fiz quest\u00e3o de vir a Caruaru e dar as m\u00e3os a Rodrigo e dizer que estar\u00edamos juntos e aqui estamos, lan\u00e7ando a sua pr\u00e9-candidatura reelei\u00e7\u00e3o&#8221;, pontuou.<\/p>\n<p>Confira a lista completa dos vereadores que disputar\u00e3o a reelei\u00e7\u00e3o pelo PSDB:<\/p>\n<p>J\u00e1 eram do Partido:<\/p>\n<p>Lula Torres<br \/>\nLeonardo Chaves<br \/>\nRicardo Liberato<br \/>\nBruno Lambreta<br \/>\nRanilson Enfermeiro<br \/>\nEdmilson do Salgado <\/p>\n<p>Filiaram-se durante o ato:<\/p>\n<p>Val Lima<br \/>\nGalego de Lajes<br \/>\nMery da Sa\u00fade<br \/>\nNelson Diniz<br \/>\nK\u00e1tia das Rendeiras<\/p>\n<p>Seja seguidor do Instagram do Blog para comentar @blogdoedvaldomagalhaes<\/p>\n<p>Foto: Divulga\u00e7\u00e3o <\/p>\n","protected":false},"excerpt":{"rendered":"<p>Com audit\u00f3rio lotado, o evento realizado na manh\u00e3 deste domingo (17) em Caruaru serviu para carimbar, mais uma vez, a&hellip;<\/p>\n","protected":false},"author":1,"featured_media":106460,"comment_status":"closed","ping_status":"open","sticky":false,"template":"","format":"standard","meta":{"footnotes":""},"categories":[14122],"tags":[29440,2,28801,3406,20,30008],"class_list":["post-106459","post","type-post","status-publish","format-standard","has-post-thumbnail","hentry","category-politica","tag-blog-com-mais-visualizacao","tag-blog-do-edvaldo-magalhaes","tag-blog-mais-acessado","tag-caruaru","tag-politica","tag-psdb-realiza-filiacoes-e-lanca-pre-candidatura-de-rodrigo-pinheiro-a-reeleicao"],"_links":{"self":[{"href":"https:\/\/blogdoedvaldomagalhaes.com.br\/index.php\/wp-json\/wp\/v2\/posts\/106459","targetHints":{"allow":["GET"]}}],"collection":[{"href":"https:\/\/blogdoedvaldomagalhaes.com.br\/index.php\/wp-json\/wp\/v2\/posts"}],"about":[{"href":"https:\/\/blogdoedvaldomagalhaes.com.br\/index.php\/wp-json\/wp\/v2\/types\/post"}],"author":[{"embeddable":true,"href":"https:\/\/blogdoedvaldomagalhaes.com.br\/index.php\/wp-json\/wp\/v2\/users\/1"}],"replies":[{"embeddable":true,"href":"https:\/\/blogdoedvaldomagalhaes.com.br\/index.php\/wp-json\/wp\/v2\/comments?post=106459"}],"version-history":[{"count":1,"href":"https:\/\/blogdoedvaldomagalhaes.com.br\/index.php\/wp-json\/wp\/v2\/posts\/106459\/revisions"}],"predecessor-version":[{"id":106461,"href":"https:\/\/blogdoedvaldomagalhaes.com.br\/index.php\/wp-json\/wp\/v2\/posts\/106459\/revisions\/106461"}],"wp:featuredmedia":[{"embeddable":true,"href":"https:\/\/blogdoedvaldomagalhaes.com.br\/index.php\/wp-json\/wp\/v2\/media\/106460"}],"wp:attachment":[{"href":"https:\/\/blogdoedvaldomagalhaes.com.br\/index.php\/wp-json\/wp\/v2\/media?parent=106459"}],"wp:term":[{"taxonomy":"category","embeddable":true,"href":"https:\/\/blogdoedvaldomagalhaes.com.br\/index.php\/wp-json\/wp\/v2\/categories?post=106459"},{"taxonomy":"post_tag","embeddable":true,"href":"https:\/\/blogdoedvaldomagalhaes.com.br\/index.php\/wp-json\/wp\/v2\/tags?post=106459"}],"curies":[{"name":"wp","href":"https:\/\/api.w.org\/{rel}","templated":true}]}}