{"id":106454,"date":"2024-03-17T15:12:05","date_gmt":"2024-03-17T18:12:05","guid":{"rendered":"https:\/\/blogdoedvaldomagalhaes.com.br\/?p=106454"},"modified":"2024-03-17T15:17:35","modified_gmt":"2024-03-17T18:17:35","slug":"pe-produz-governadora-raquel-lyra-celebra-aporte-de-r-25-milhoes-para-o-desenvolvimento-socioeconomico-de-arranjos-produtivos-locais","status":"publish","type":"post","link":"https:\/\/blogdoedvaldomagalhaes.com.br\/index.php\/2024\/03\/17\/pe-produz-governadora-raquel-lyra-celebra-aporte-de-r-25-milhoes-para-o-desenvolvimento-socioeconomico-de-arranjos-produtivos-locais\/","title":{"rendered":"PE Produz: Governadora Raquel Lyra celebra aporte de R$ 2,5 milh\u00f5es para o desenvolvimento socioecon\u00f4mico de arranjos produtivos locais"},"content":{"rendered":"<p>A governadora Raquel Lyra assinou, neste domingo (17), no povoado de Pau Santo, em Caruaru, os primeiros conv\u00eanios do Programa PE Produz, com associa\u00e7\u00f5es do Agreste. Os benef\u00edcios, que totalizam R$ 2,5 milh\u00f5es, contemplam sete associa\u00e7\u00f5es de Caruaru, Toritama, S\u00e3o Bento do Una, Pesqueira, Alagoinha, Po\u00e7\u00e3o e Bu\u00edque, e v\u00e3o atingir mais de 3,2 mil pessoas diretamente. Dentro da iniciativa, ser\u00e3o destinados valores que variam entre R$ 180 mil e R$ 800 mil. <\/p>\n<p>\u201c\u00c9 uma alegria enorme poder assinar o in\u00edcio da parceria do Estado com essas associa\u00e7\u00f5es. Neste ano, o PE Produz aporta R$ 15 milh\u00f5es para que esses arranjos produtivos rurais possam se desenvolver cada vez mais. Pernambuco precisa crescer sem deixar ningu\u00e9m para tr\u00e1s, e a gente s\u00f3 faz isso descentralizando o investimento. \u00c9 muito bom poder garantir recursos onde normalmente eles n\u00e3o chegam, alcan\u00e7ando a vida dos invis\u00edveis\u201d, destacou Raquel Lyra. <\/p>\n<p>O PE Produz tem o objetivo de interiorizar o desenvolvimento socioecon\u00f4mico de Pernambuco por meio do fortalecimento de arranjos produtivos, que s\u00e3o grupos de<br \/>\nempresas, produtores e institui\u00e7\u00f5es que, em uma mesma regi\u00e3o, atuam em regime de coopera\u00e7\u00e3o. O resultado do primeiro chamamento contemplou produtores das 12 Regi\u00f5es de Desenvolvimento do Estado.<\/p>\n<p>Entre os segmentos contemplados no Agreste est\u00e3o fruticultura, agricultura familiar, confec\u00e7\u00e3o, artesanato e avicultura. &#8220;\u00c9 muito gratificante ver que o desenvolvimento est\u00e1 sendo trilhado para o interior do nosso Estado. Pernambuco \u00e9 muito diverso, e respeitar a voca\u00e7\u00e3o de cada cidade, de cada distrito e pegar na m\u00e3o de quem produz \u00e9 de fato o que fazemos dentro da Adepe&#8221;, comentou o diretor-presidente da Ag\u00eancia de Desenvolvimento Econ\u00f4mico de Pernambuco, Andr\u00e9 Teixeira Filho. <\/p>\n<p>Para o prefeito de Caruaru, Rodrigo Pinheiro, a iniciativa do Governo do Estado \u00e9 de extrema import\u00e2ncia para o fomento da agricultura familiar, podendo capacitar os moradores da regi\u00e3o. \u201cA cadeia produtiva ser\u00e1 fortalecida, gerando emprego e renda na zona rural, local onde esses alimentos s\u00e3o produzidos\u201d, pontuou. <\/p>\n<p>Em Caruaru, a Associa\u00e7\u00f5es dos Moradores e Agricultores Familiares S\u00edtio Pau Santo e Adjac\u00eancias \u2013 AMAFSPS foi uma das beneficiadas. \u201cAl\u00e9m da gera\u00e7\u00e3o de renda, o PE Produz vai proporcionar assist\u00eancia t\u00e9cnica com pesquisa e acompanhamento, trazendo dignidade n\u00e3o s\u00f3 para os agricultores e agricultoras, mas tamb\u00e9m para o meio da organiza\u00e7\u00e3o social\u201d, ressaltou o presidente da AMAFSPS, Daniel Silva. <\/p>\n<p>Ainda em Caruaru, foram contempladas a Associa\u00e7\u00e3o dos Moradores e Agricultores S\u00edtio dos Pintos &#8211; AMPASP e a Rede de Avicultores e Agricultura de Caruaru. Em Toritama, a Associa\u00e7\u00e3o Viva Toritama &#8211; AVT; em Pesqueira, Po\u00e7\u00e3o e Alagoinha, a Associa\u00e7\u00e3o de Artes\u00e3os Nossa Senhora da Gra\u00e7a &#8211; Agra\u00e7a. J\u00e1 em S\u00e3o Bento do Una, a Cooperativa dos Avicultores de S\u00e3o Bento do Una &#8211; Coopave; e em Buique, a Cooperativa Mista da Agricultura Familiar (COOMAF). <\/p>\n<p>Presente na solenidade, a deputada estadual D\u00e9bora Almeida enfatizou a relev\u00e2ncia do Governo em investir na interioriza\u00e7\u00e3o do desenvolvimento. \u201cNo Agreste n\u00f3s temos um povo corajoso e muito determinado. Precisamos dar condi\u00e7\u00f5es para que os nossos produtores produzam mais alimentos de qualidade para a mesa do nosso povo\u201d, afirmou. <\/p>\n<p>Tamb\u00e9m prestigiaram a solenidade os secret\u00e1rios estaduais Carlos Braga (Desenvolvimento Social, Crian\u00e7a, Juventude e Preven\u00e7\u00e3o \u00e0 Viol\u00eancia e \u00e0s Drogas) e Diogo Bezerra (Mobilidade e Infraestrutura); o executivo de Desenvolvimento Agr\u00e1rio, Agricultura, Pecu\u00e1ria e Pesca; Bruno Fran\u00e7a; a diretora-presidente do Instituto Agron\u00f4mico de Pernambuco, Ellen Vi\u00e9gas; al\u00e9m dos presidentes das associa\u00e7\u00f5es, vereadores e lideran\u00e7as da regi\u00e3o.<br \/>\nFoto: Hesiodo G\u00f3es\/Secom<\/p>\n<p>Seja seguidor do Instagram do Blog @blogdoedvaldomagalhaes<\/p>\n","protected":false},"excerpt":{"rendered":"<p>A governadora Raquel Lyra assinou, neste domingo (17), no povoado de Pau Santo, em Caruaru, os primeiros conv\u00eanios do Programa&hellip;<\/p>\n","protected":false},"author":1,"featured_media":106457,"comment_status":"closed","ping_status":"open","sticky":false,"template":"","format":"standard","meta":{"footnotes":""},"categories":[14122],"tags":[29440,2,28801,30007,20,1229],"class_list":["post-106454","post","type-post","status-publish","format-standard","has-post-thumbnail","hentry","category-politica","tag-blog-com-mais-visualizacao","tag-blog-do-edvaldo-magalhaes","tag-blog-mais-acessado","tag-pe-produz","tag-politica","tag-raquel-lyra"],"_links":{"self":[{"href":"https:\/\/blogdoedvaldomagalhaes.com.br\/index.php\/wp-json\/wp\/v2\/posts\/106454","targetHints":{"allow":["GET"]}}],"collection":[{"href":"https:\/\/blogdoedvaldomagalhaes.com.br\/index.php\/wp-json\/wp\/v2\/posts"}],"about":[{"href":"https:\/\/blogdoedvaldomagalhaes.com.br\/index.php\/wp-json\/wp\/v2\/types\/post"}],"author":[{"embeddable":true,"href":"https:\/\/blogdoedvaldomagalhaes.com.br\/index.php\/wp-json\/wp\/v2\/users\/1"}],"replies":[{"embeddable":true,"href":"https:\/\/blogdoedvaldomagalhaes.com.br\/index.php\/wp-json\/wp\/v2\/comments?post=106454"}],"version-history":[{"count":1,"href":"https:\/\/blogdoedvaldomagalhaes.com.br\/index.php\/wp-json\/wp\/v2\/posts\/106454\/revisions"}],"predecessor-version":[{"id":106456,"href":"https:\/\/blogdoedvaldomagalhaes.com.br\/index.php\/wp-json\/wp\/v2\/posts\/106454\/revisions\/106456"}],"wp:featuredmedia":[{"embeddable":true,"href":"https:\/\/blogdoedvaldomagalhaes.com.br\/index.php\/wp-json\/wp\/v2\/media\/106457"}],"wp:attachment":[{"href":"https:\/\/blogdoedvaldomagalhaes.com.br\/index.php\/wp-json\/wp\/v2\/media?parent=106454"}],"wp:term":[{"taxonomy":"category","embeddable":true,"href":"https:\/\/blogdoedvaldomagalhaes.com.br\/index.php\/wp-json\/wp\/v2\/categories?post=106454"},{"taxonomy":"post_tag","embeddable":true,"href":"https:\/\/blogdoedvaldomagalhaes.com.br\/index.php\/wp-json\/wp\/v2\/tags?post=106454"}],"curies":[{"name":"wp","href":"https:\/\/api.w.org\/{rel}","templated":true}]}}