{"id":1064,"date":"2018-10-07T18:32:00","date_gmt":"2018-10-07T21:32:00","guid":{"rendered":"http:\/\/blogdoedvaldomagalhaes.com.br\/index.php\/2018\/10\/07\/delegado-lessa-vota-e-fala-sobre\/"},"modified":"2019-02-09T02:34:21","modified_gmt":"2019-02-09T04:34:21","slug":"delegado-lessa-vota-e-fala-sobre","status":"publish","type":"post","link":"https:\/\/blogdoedvaldomagalhaes.com.br\/index.php\/2018\/10\/07\/delegado-lessa-vota-e-fala-sobre\/","title":{"rendered":"Delegado Lessa vota e fala sobre participa\u00e7\u00e3o cidad\u00e3 na pol\u00edtica"},"content":{"rendered":"<div class=\"separator\" style=\"clear: both; text-align: center;\">\n<a href=\"https:\/\/2.bp.blogspot.com\/-FmA-TdaDZnU\/W7pRLTYRdTI\/AAAAAAAA7aQ\/-dsFO1fUFk0sv3MIMrfha7bQHTsMqz4XACLcBGAs\/s1600\/lessa.JPG\" imageanchor=\"1\" style=\"margin-left: 1em; margin-right: 1em;\"><img loading=\"lazy\" decoding=\"async\" border=\"0\" data-original-height=\"1099\" data-original-width=\"1600\" height=\"434\" src=\"http:\/\/blogdoedvaldomagalhaes.com.br\/wp-content\/uploads\/2018\/10\/lessa.jpg\" width=\"640\" \/><\/a><\/div>\n<div style=\"text-align: justify;\">\n<\/div>\n<div style=\"text-align: justify;\">\nO candidato a deputado estadual Delegado Lessa (Progressistas) votou na Asces-Unita. Ele chegou \u00e0 se\u00e7\u00e3o eleitoral \u00e0s 11h22, acompanhado da esposa Anne, al\u00e9m de familiares, amigos e assessores. O candidato enfrentou a fila com os demais eleitores, exercendo o voto pouco depois do meio-dia.<\/div>\n<div style=\"text-align: justify;\">\n<\/div>\n<div style=\"text-align: justify;\">\nPara o Delegado, a elevada participa\u00e7\u00e3o popular no pleito \u00e9 um aspecto positivo. &#8220;\u00c9 muito bom ver as pessoas participando do processo de escolha dos seus representantes, pois isso interfere no futuro do pa\u00eds. Ao contr\u00e1rio do que dizem, as pessoas est\u00e3o com f\u00e9 de que \u00e9 poss\u00edvel mudar, mas para isso \u00e9 fundamental que novos atores despontem no cen\u00e1rio pol\u00edtico, pois os mesmos atores permanecer\u00e3o fazendo as mesmas a\u00e7\u00f5es&#8221;, comentou.&nbsp;<\/div>\n<div style=\"text-align: justify;\">\n<\/div>\n<div style=\"text-align: justify;\">\nEm 2016, o Delegado Lessa foi candidato a prefeito de Caruaru, obtendo 41.102 votos. Na condi\u00e7\u00e3o de delegado de pol\u00edcia, presidiu opera\u00e7\u00f5es com repercuss\u00e3o nacional, a exemplo da Ponto Final, Hip\u00f3crates e Tutela.<\/div>\n<div style=\"text-align: justify;\">\n<\/div>\n<div style=\"text-align: justify;\">\nFoto: Viliane Gomes<\/div>\n","protected":false},"excerpt":{"rendered":"<p>O candidato a deputado estadual Delegado Lessa (Progressistas) votou na Asces-Unita. Ele chegou \u00e0 se\u00e7\u00e3o eleitoral \u00e0s 11h22, acompanhado da&hellip;<\/p>\n","protected":false},"author":1,"featured_media":0,"comment_status":"open","ping_status":"open","sticky":false,"template":"","format":"standard","meta":{"footnotes":""},"categories":[1],"tags":[2,1009,20],"class_list":["post-1064","post","type-post","status-publish","format-standard","hentry","category-sem-categoria","tag-blog-do-edvaldo-magalhaes","tag-delegado-lessa-vota-e-fala-sobre-participacao-cidada-na-politica","tag-politica"],"_links":{"self":[{"href":"https:\/\/blogdoedvaldomagalhaes.com.br\/index.php\/wp-json\/wp\/v2\/posts\/1064","targetHints":{"allow":["GET"]}}],"collection":[{"href":"https:\/\/blogdoedvaldomagalhaes.com.br\/index.php\/wp-json\/wp\/v2\/posts"}],"about":[{"href":"https:\/\/blogdoedvaldomagalhaes.com.br\/index.php\/wp-json\/wp\/v2\/types\/post"}],"author":[{"embeddable":true,"href":"https:\/\/blogdoedvaldomagalhaes.com.br\/index.php\/wp-json\/wp\/v2\/users\/1"}],"replies":[{"embeddable":true,"href":"https:\/\/blogdoedvaldomagalhaes.com.br\/index.php\/wp-json\/wp\/v2\/comments?post=1064"}],"version-history":[{"count":1,"href":"https:\/\/blogdoedvaldomagalhaes.com.br\/index.php\/wp-json\/wp\/v2\/posts\/1064\/revisions"}],"predecessor-version":[{"id":34760,"href":"https:\/\/blogdoedvaldomagalhaes.com.br\/index.php\/wp-json\/wp\/v2\/posts\/1064\/revisions\/34760"}],"wp:attachment":[{"href":"https:\/\/blogdoedvaldomagalhaes.com.br\/index.php\/wp-json\/wp\/v2\/media?parent=1064"}],"wp:term":[{"taxonomy":"category","embeddable":true,"href":"https:\/\/blogdoedvaldomagalhaes.com.br\/index.php\/wp-json\/wp\/v2\/categories?post=1064"},{"taxonomy":"post_tag","embeddable":true,"href":"https:\/\/blogdoedvaldomagalhaes.com.br\/index.php\/wp-json\/wp\/v2\/tags?post=1064"}],"curies":[{"name":"wp","href":"https:\/\/api.w.org\/{rel}","templated":true}]}}