{"id":1063,"date":"2018-10-07T18:43:00","date_gmt":"2018-10-07T21:43:00","guid":{"rendered":"http:\/\/blogdoedvaldomagalhaes.com.br\/index.php\/2018\/10\/07\/ailza-trajano-vota-e-mostra-confianca\/"},"modified":"2019-02-09T02:34:21","modified_gmt":"2019-02-09T04:34:21","slug":"ailza-trajano-vota-e-mostra-confianca","status":"publish","type":"post","link":"https:\/\/blogdoedvaldomagalhaes.com.br\/index.php\/2018\/10\/07\/ailza-trajano-vota-e-mostra-confianca\/","title":{"rendered":"Ailza Trajano vota e mostra confian\u00e7a"},"content":{"rendered":"<div class=\"separator\" style=\"clear: both; text-align: center;\">\n<a href=\"https:\/\/1.bp.blogspot.com\/-LxBCGhRby5k\/W7pTmbRZSBI\/AAAAAAAA7ac\/QB_jZ-vL0IMmw1eOzN9sWZYY60HFQNgswCLcBGAs\/s1600\/ailza.jpg\" imageanchor=\"1\" style=\"margin-left: 1em; margin-right: 1em;\"><img loading=\"lazy\" decoding=\"async\" border=\"0\" data-original-height=\"768\" data-original-width=\"1024\" height=\"474\" src=\"http:\/\/blogdoedvaldomagalhaes.com.br\/wp-content\/uploads\/2018\/10\/ailza.jpg\" width=\"640\" \/><\/a><\/div>\n<div class=\"separator\" style=\"clear: both; text-align: center;\">\nFoto: Edvaldo Magalh\u00e3es<\/div>\n<div class=\"separator\" style=\"clear: both; text-align: center;\">\n<\/div>\n<div style=\"background-color: white; border: 0px; margin-bottom: 1.5em; outline: 0px; padding: 0px; text-align: justify; vertical-align: baseline;\">\nA candidata \u00e0 deputada estadual pelo PCdoB, Ailza Trajano, tamb\u00e9m votou no in\u00edcio da tarde deste domingo (7). Ela vai disputar o pleito pela primeira vez e espera ter uma boa vota\u00e7\u00e3o.<\/div>\n<div style=\"background-color: white; border: 0px; margin-bottom: 1.5em; outline: 0px; padding: 0px; text-align: justify; vertical-align: baseline;\">\nAilza de exerceu a cidadania na Geres, no bairro Indian\u00f3polis.<\/div>\n","protected":false},"excerpt":{"rendered":"<p>Foto: Edvaldo Magalh\u00e3es A candidata \u00e0 deputada estadual pelo PCdoB, Ailza Trajano, tamb\u00e9m votou no in\u00edcio da tarde deste domingo&hellip;<\/p>\n","protected":false},"author":1,"featured_media":0,"comment_status":"open","ping_status":"open","sticky":false,"template":"","format":"standard","meta":{"footnotes":""},"categories":[1],"tags":[1008,2,20],"class_list":["post-1063","post","type-post","status-publish","format-standard","hentry","category-sem-categoria","tag-ailza-trajano-vota-e-mostra-confianca","tag-blog-do-edvaldo-magalhaes","tag-politica"],"_links":{"self":[{"href":"https:\/\/blogdoedvaldomagalhaes.com.br\/index.php\/wp-json\/wp\/v2\/posts\/1063","targetHints":{"allow":["GET"]}}],"collection":[{"href":"https:\/\/blogdoedvaldomagalhaes.com.br\/index.php\/wp-json\/wp\/v2\/posts"}],"about":[{"href":"https:\/\/blogdoedvaldomagalhaes.com.br\/index.php\/wp-json\/wp\/v2\/types\/post"}],"author":[{"embeddable":true,"href":"https:\/\/blogdoedvaldomagalhaes.com.br\/index.php\/wp-json\/wp\/v2\/users\/1"}],"replies":[{"embeddable":true,"href":"https:\/\/blogdoedvaldomagalhaes.com.br\/index.php\/wp-json\/wp\/v2\/comments?post=1063"}],"version-history":[{"count":1,"href":"https:\/\/blogdoedvaldomagalhaes.com.br\/index.php\/wp-json\/wp\/v2\/posts\/1063\/revisions"}],"predecessor-version":[{"id":34762,"href":"https:\/\/blogdoedvaldomagalhaes.com.br\/index.php\/wp-json\/wp\/v2\/posts\/1063\/revisions\/34762"}],"wp:attachment":[{"href":"https:\/\/blogdoedvaldomagalhaes.com.br\/index.php\/wp-json\/wp\/v2\/media?parent=1063"}],"wp:term":[{"taxonomy":"category","embeddable":true,"href":"https:\/\/blogdoedvaldomagalhaes.com.br\/index.php\/wp-json\/wp\/v2\/categories?post=1063"},{"taxonomy":"post_tag","embeddable":true,"href":"https:\/\/blogdoedvaldomagalhaes.com.br\/index.php\/wp-json\/wp\/v2\/tags?post=1063"}],"curies":[{"name":"wp","href":"https:\/\/api.w.org\/{rel}","templated":true}]}}