{"id":1062,"date":"2018-10-07T18:47:00","date_gmt":"2018-10-07T21:47:00","guid":{"rendered":"http:\/\/blogdoedvaldomagalhaes.com.br\/index.php\/2018\/10\/07\/raquel-vota-e-se-diz-confiante-na\/"},"modified":"2019-02-09T02:34:21","modified_gmt":"2019-02-09T04:34:21","slug":"raquel-vota-e-se-diz-confiante-na","status":"publish","type":"post","link":"https:\/\/blogdoedvaldomagalhaes.com.br\/index.php\/2018\/10\/07\/raquel-vota-e-se-diz-confiante-na\/","title":{"rendered":"Raquel vota e se diz confiante na vit\u00f3ria dos seus candidatos"},"content":{"rendered":"<div class=\"separator\" style=\"clear: both; text-align: center;\">\n<a href=\"https:\/\/3.bp.blogspot.com\/-tT7AYCVip_c\/W7pUfBgCgPI\/AAAAAAAA7ak\/adPtTNyWSAgk9XQdF0sLfp5f3Q8dnNpQQCLcBGAs\/s1600\/raqwue.jpg\" imageanchor=\"1\" style=\"margin-left: 1em; margin-right: 1em;\"><img loading=\"lazy\" decoding=\"async\" border=\"0\" data-original-height=\"682\" data-original-width=\"1024\" height=\"426\" src=\"http:\/\/blogdoedvaldomagalhaes.com.br\/wp-content\/uploads\/2018\/10\/raqwue.jpg\" width=\"640\" \/><\/a><\/div>\n<p><\/p>\n<div style=\"text-align: justify;\">\nA prefeita de Caruaru, Raquel Lyra, acabou de votar no Col\u00e9gio Diocesano em companhia de sua fam\u00edlia, entre eles, o seu pai, o ex-governador Jo\u00e3o Lyra Neto. \u201cMostramos os candidatos que s\u00e3o os melhores para Caruaru e eles sair\u00e3o legitimados aqui de nossa cidade. Tamb\u00e9m estamos confiantes que Armando Monteiro ir\u00e1 para o segundo turno para disputar em p\u00e9 de igualdade e, assim, mostrar que \u00e9 o melhor para Pernambuco\u201d, falou Raquel.<\/div>\n<div style=\"text-align: justify;\">\n<\/div>\n","protected":false},"excerpt":{"rendered":"<p>A prefeita de Caruaru, Raquel Lyra, acabou de votar no Col\u00e9gio Diocesano em companhia de sua fam\u00edlia, entre eles, o&hellip;<\/p>\n","protected":false},"author":1,"featured_media":0,"comment_status":"open","ping_status":"open","sticky":false,"template":"","format":"standard","meta":{"footnotes":""},"categories":[1],"tags":[2,20,1007],"class_list":["post-1062","post","type-post","status-publish","format-standard","hentry","category-sem-categoria","tag-blog-do-edvaldo-magalhaes","tag-politica","tag-raquel-vota-e-se-diz-confiante-na-vitoria-de-seus-candidatos"],"_links":{"self":[{"href":"https:\/\/blogdoedvaldomagalhaes.com.br\/index.php\/wp-json\/wp\/v2\/posts\/1062","targetHints":{"allow":["GET"]}}],"collection":[{"href":"https:\/\/blogdoedvaldomagalhaes.com.br\/index.php\/wp-json\/wp\/v2\/posts"}],"about":[{"href":"https:\/\/blogdoedvaldomagalhaes.com.br\/index.php\/wp-json\/wp\/v2\/types\/post"}],"author":[{"embeddable":true,"href":"https:\/\/blogdoedvaldomagalhaes.com.br\/index.php\/wp-json\/wp\/v2\/users\/1"}],"replies":[{"embeddable":true,"href":"https:\/\/blogdoedvaldomagalhaes.com.br\/index.php\/wp-json\/wp\/v2\/comments?post=1062"}],"version-history":[{"count":1,"href":"https:\/\/blogdoedvaldomagalhaes.com.br\/index.php\/wp-json\/wp\/v2\/posts\/1062\/revisions"}],"predecessor-version":[{"id":34764,"href":"https:\/\/blogdoedvaldomagalhaes.com.br\/index.php\/wp-json\/wp\/v2\/posts\/1062\/revisions\/34764"}],"wp:attachment":[{"href":"https:\/\/blogdoedvaldomagalhaes.com.br\/index.php\/wp-json\/wp\/v2\/media?parent=1062"}],"wp:term":[{"taxonomy":"category","embeddable":true,"href":"https:\/\/blogdoedvaldomagalhaes.com.br\/index.php\/wp-json\/wp\/v2\/categories?post=1062"},{"taxonomy":"post_tag","embeddable":true,"href":"https:\/\/blogdoedvaldomagalhaes.com.br\/index.php\/wp-json\/wp\/v2\/tags?post=1062"}],"curies":[{"name":"wp","href":"https:\/\/api.w.org\/{rel}","templated":true}]}}