{"id":105902,"date":"2024-03-02T22:38:40","date_gmt":"2024-03-03T01:38:40","guid":{"rendered":"https:\/\/blogdoedvaldomagalhaes.com.br\/?p=105902"},"modified":"2024-03-02T22:38:41","modified_gmt":"2024-03-03T01:38:41","slug":"pm-recupera-carro-roubado-e-prende-dois-suspeitos-em-caruaru","status":"publish","type":"post","link":"https:\/\/blogdoedvaldomagalhaes.com.br\/index.php\/2024\/03\/02\/pm-recupera-carro-roubado-e-prende-dois-suspeitos-em-caruaru\/","title":{"rendered":"PM recupera carro roubado e prende dois suspeitos em Caruaru"},"content":{"rendered":"<p>Policiais do 1\u00ba BIEsp recuperaram um ve\u00edculo roubado e prenderam dois suspeitos que haviam cometido o crime um pouco antes, em Caruaru. Por volta das 20h da sexta-feira(1), o efetivo foi informado que o Classic havia sido rastreado no S\u00edtio Serra Verde, se dirigiu ao local e avistou o carro com a dupla em seu interior. Durante a busca pessoal, foram encontrados uma pistola calibre .380, com um carregador e dez muni\u00e7\u00f5es. A v\u00edtima, que \u00e9 motorista de aplicativo, informou que os envolvidos solicitaram uma corrida e anunciaram o assalto.  Ambos foram apresentados na Delegacia de Plant\u00e3o, onde foi formalizada a pris\u00e3o em flagrante. Foto: Divulga\u00e7\u00e3o\/PM<\/p>\n<p>Seja seguidor do Instagram do Blog @blogdoedvaldomagalhaes<\/p>\n","protected":false},"excerpt":{"rendered":"<p>Policiais do 1\u00ba BIEsp recuperaram um ve\u00edculo roubado e prenderam dois suspeitos que haviam cometido o crime um pouco antes,&hellip;<\/p>\n","protected":false},"author":1,"featured_media":105903,"comment_status":"closed","ping_status":"open","sticky":false,"template":"","format":"standard","meta":{"footnotes":""},"categories":[14121],"tags":[29440,2,28801,3406,29894],"class_list":["post-105902","post","type-post","status-publish","format-standard","has-post-thumbnail","hentry","category-policial","tag-blog-com-mais-visualizacao","tag-blog-do-edvaldo-magalhaes","tag-blog-mais-acessado","tag-caruaru","tag-pm-recupera-carro-roubado-e-prende-dois-suspeitos-em-caruaru"],"_links":{"self":[{"href":"https:\/\/blogdoedvaldomagalhaes.com.br\/index.php\/wp-json\/wp\/v2\/posts\/105902","targetHints":{"allow":["GET"]}}],"collection":[{"href":"https:\/\/blogdoedvaldomagalhaes.com.br\/index.php\/wp-json\/wp\/v2\/posts"}],"about":[{"href":"https:\/\/blogdoedvaldomagalhaes.com.br\/index.php\/wp-json\/wp\/v2\/types\/post"}],"author":[{"embeddable":true,"href":"https:\/\/blogdoedvaldomagalhaes.com.br\/index.php\/wp-json\/wp\/v2\/users\/1"}],"replies":[{"embeddable":true,"href":"https:\/\/blogdoedvaldomagalhaes.com.br\/index.php\/wp-json\/wp\/v2\/comments?post=105902"}],"version-history":[{"count":1,"href":"https:\/\/blogdoedvaldomagalhaes.com.br\/index.php\/wp-json\/wp\/v2\/posts\/105902\/revisions"}],"predecessor-version":[{"id":105904,"href":"https:\/\/blogdoedvaldomagalhaes.com.br\/index.php\/wp-json\/wp\/v2\/posts\/105902\/revisions\/105904"}],"wp:featuredmedia":[{"embeddable":true,"href":"https:\/\/blogdoedvaldomagalhaes.com.br\/index.php\/wp-json\/wp\/v2\/media\/105903"}],"wp:attachment":[{"href":"https:\/\/blogdoedvaldomagalhaes.com.br\/index.php\/wp-json\/wp\/v2\/media?parent=105902"}],"wp:term":[{"taxonomy":"category","embeddable":true,"href":"https:\/\/blogdoedvaldomagalhaes.com.br\/index.php\/wp-json\/wp\/v2\/categories?post=105902"},{"taxonomy":"post_tag","embeddable":true,"href":"https:\/\/blogdoedvaldomagalhaes.com.br\/index.php\/wp-json\/wp\/v2\/tags?post=105902"}],"curies":[{"name":"wp","href":"https:\/\/api.w.org\/{rel}","templated":true}]}}