{"id":105899,"date":"2024-03-02T22:33:21","date_gmt":"2024-03-03T01:33:21","guid":{"rendered":"https:\/\/blogdoedvaldomagalhaes.com.br\/?p=105899"},"modified":"2024-03-02T22:33:22","modified_gmt":"2024-03-03T01:33:22","slug":"pm-captura-foragido-do-para-em-santa-cruz-do-capibaribe","status":"publish","type":"post","link":"https:\/\/blogdoedvaldomagalhaes.com.br\/index.php\/2024\/03\/02\/pm-captura-foragido-do-para-em-santa-cruz-do-capibaribe\/","title":{"rendered":"PM captura foragido do Par\u00e1, em Santa Cruz do Capibaribe"},"content":{"rendered":"<p>Um foragido da Justi\u00e7a paraense foi capturado, no final da noite de sexta-feira(1), em Santa Tereza, Santa Cruz do Capibaribe. Policiais militares do 24\u00ba BPM faziam patrulhamento ostensivo e levantaram que o homem estava deixando o Moda Center em um ve\u00edculo branco. Ao realizar a abordagem, ele apresentou uma CNH com ind\u00edcios de falsifica\u00e7\u00e3o e ainda tentou manipular suas respostas aos questionamentos da equipe, mas acabou admitindo a condi\u00e7\u00e3o de foragido, tendo escapado do pres\u00eddio Americano, em Bel\u00e9m. O envolvido revelou ainda ter armas guardadas em uma resid\u00eancia no bairro Malhada do Meio, onde os policiais localizaram uma pistola calibre .40 com dez muni\u00e7\u00f5es, uma espingarda calibre 12 e uma espingarda de chumbinho. Ele foi apresentado na Delegacia de Pol\u00edcia da cidade para ado\u00e7\u00e3o dos procedimentos legais cab\u00edveis. Foto: Divulga\u00e7\u00e3o\/PMPE<\/p>\n<p>Seja seguidor do Instagram do Blog @blogdoedvaldomagalhaes<\/p>\n","protected":false},"excerpt":{"rendered":"<p>Um foragido da Justi\u00e7a paraense foi capturado, no final da noite de sexta-feira(1), em Santa Tereza, Santa Cruz do Capibaribe.&hellip;<\/p>\n","protected":false},"author":1,"featured_media":105900,"comment_status":"closed","ping_status":"open","sticky":false,"template":"","format":"standard","meta":{"footnotes":""},"categories":[14121],"tags":[29440,2,28801,3406,29893],"class_list":["post-105899","post","type-post","status-publish","format-standard","has-post-thumbnail","hentry","category-policial","tag-blog-com-mais-visualizacao","tag-blog-do-edvaldo-magalhaes","tag-blog-mais-acessado","tag-caruaru","tag-pm-captura-foragido-do-para-em-santa-cruz-do-capibaribe"],"_links":{"self":[{"href":"https:\/\/blogdoedvaldomagalhaes.com.br\/index.php\/wp-json\/wp\/v2\/posts\/105899","targetHints":{"allow":["GET"]}}],"collection":[{"href":"https:\/\/blogdoedvaldomagalhaes.com.br\/index.php\/wp-json\/wp\/v2\/posts"}],"about":[{"href":"https:\/\/blogdoedvaldomagalhaes.com.br\/index.php\/wp-json\/wp\/v2\/types\/post"}],"author":[{"embeddable":true,"href":"https:\/\/blogdoedvaldomagalhaes.com.br\/index.php\/wp-json\/wp\/v2\/users\/1"}],"replies":[{"embeddable":true,"href":"https:\/\/blogdoedvaldomagalhaes.com.br\/index.php\/wp-json\/wp\/v2\/comments?post=105899"}],"version-history":[{"count":1,"href":"https:\/\/blogdoedvaldomagalhaes.com.br\/index.php\/wp-json\/wp\/v2\/posts\/105899\/revisions"}],"predecessor-version":[{"id":105901,"href":"https:\/\/blogdoedvaldomagalhaes.com.br\/index.php\/wp-json\/wp\/v2\/posts\/105899\/revisions\/105901"}],"wp:featuredmedia":[{"embeddable":true,"href":"https:\/\/blogdoedvaldomagalhaes.com.br\/index.php\/wp-json\/wp\/v2\/media\/105900"}],"wp:attachment":[{"href":"https:\/\/blogdoedvaldomagalhaes.com.br\/index.php\/wp-json\/wp\/v2\/media?parent=105899"}],"wp:term":[{"taxonomy":"category","embeddable":true,"href":"https:\/\/blogdoedvaldomagalhaes.com.br\/index.php\/wp-json\/wp\/v2\/categories?post=105899"},{"taxonomy":"post_tag","embeddable":true,"href":"https:\/\/blogdoedvaldomagalhaes.com.br\/index.php\/wp-json\/wp\/v2\/tags?post=105899"}],"curies":[{"name":"wp","href":"https:\/\/api.w.org\/{rel}","templated":true}]}}