{"id":105894,"date":"2024-03-02T22:13:51","date_gmt":"2024-03-03T01:13:51","guid":{"rendered":"https:\/\/blogdoedvaldomagalhaes.com.br\/?p=105894"},"modified":"2024-03-02T22:17:26","modified_gmt":"2024-03-03T01:17:26","slug":"prf-apreende-cocaina-em-mochila-de-passageiro-de-onibus","status":"publish","type":"post","link":"https:\/\/blogdoedvaldomagalhaes.com.br\/index.php\/2024\/03\/02\/prf-apreende-cocaina-em-mochila-de-passageiro-de-onibus\/","title":{"rendered":"PRF apreende coca\u00edna em mochila de passageiro de \u00f4nibus"},"content":{"rendered":"<p>Um passageiro de um \u00f4nibus  que transportava tr\u00eas quilos de coca\u00edna dentro de uma mochila foi detido, na sexta-feira (1), pela Pol\u00edcia Rodovi\u00e1ria Federal (PRF), na BR 316, em Ouricuri, no Sert\u00e3o pernambucano. O ve\u00edculo havia sa\u00eddo de Bel\u00e9m, no Par\u00e1, em dire\u00e7\u00e3o a Recife.<\/p>\n<p>Policiais realizavam uma a\u00e7\u00e3o de conscientiza\u00e7\u00e3o sobre o uso do cinto de seguran\u00e7a em um \u00f4nibus interestadual, quando observaram um volume na mochila de um dos passageiros. Ao abrir a bagagem, encontraram tr\u00eas tabletes de cloridrato de coca\u00edna embalados com fita adesiva.<\/p>\n<p>O homem disse que havia sido contratado para transportar a coca\u00edna, mas n\u00e3o informou onde pegou a droga e nem a quem iria entregar. Ele foi encaminhado \u00e0 Delegacia de Pol\u00edcia Civil de Araripina e poder\u00e1 responder por tr\u00e1fico de drogas.<br \/>\nFoto: Divulga\u00e7\u00e3o\/PRF<\/p>\n<p>Seja seguidor do Instagram do Blog @blogdoedvaldomagalhaes<\/p>\n","protected":false},"excerpt":{"rendered":"<p>Um passageiro de um \u00f4nibus que transportava tr\u00eas quilos de coca\u00edna dentro de uma mochila foi detido, na sexta-feira (1),&hellip;<\/p>\n","protected":false},"author":1,"featured_media":105897,"comment_status":"closed","ping_status":"open","sticky":false,"template":"","format":"standard","meta":{"footnotes":""},"categories":[14120],"tags":[29440,2,28801,3406,29892],"class_list":["post-105894","post","type-post","status-publish","format-standard","has-post-thumbnail","hentry","category-noticias","tag-blog-com-mais-visualizacao","tag-blog-do-edvaldo-magalhaes","tag-blog-mais-acessado","tag-caruaru","tag-prf-apreende-cocaina-em-mochila-de-passageiro-de-onibus"],"_links":{"self":[{"href":"https:\/\/blogdoedvaldomagalhaes.com.br\/index.php\/wp-json\/wp\/v2\/posts\/105894","targetHints":{"allow":["GET"]}}],"collection":[{"href":"https:\/\/blogdoedvaldomagalhaes.com.br\/index.php\/wp-json\/wp\/v2\/posts"}],"about":[{"href":"https:\/\/blogdoedvaldomagalhaes.com.br\/index.php\/wp-json\/wp\/v2\/types\/post"}],"author":[{"embeddable":true,"href":"https:\/\/blogdoedvaldomagalhaes.com.br\/index.php\/wp-json\/wp\/v2\/users\/1"}],"replies":[{"embeddable":true,"href":"https:\/\/blogdoedvaldomagalhaes.com.br\/index.php\/wp-json\/wp\/v2\/comments?post=105894"}],"version-history":[{"count":1,"href":"https:\/\/blogdoedvaldomagalhaes.com.br\/index.php\/wp-json\/wp\/v2\/posts\/105894\/revisions"}],"predecessor-version":[{"id":105895,"href":"https:\/\/blogdoedvaldomagalhaes.com.br\/index.php\/wp-json\/wp\/v2\/posts\/105894\/revisions\/105895"}],"wp:featuredmedia":[{"embeddable":true,"href":"https:\/\/blogdoedvaldomagalhaes.com.br\/index.php\/wp-json\/wp\/v2\/media\/105897"}],"wp:attachment":[{"href":"https:\/\/blogdoedvaldomagalhaes.com.br\/index.php\/wp-json\/wp\/v2\/media?parent=105894"}],"wp:term":[{"taxonomy":"category","embeddable":true,"href":"https:\/\/blogdoedvaldomagalhaes.com.br\/index.php\/wp-json\/wp\/v2\/categories?post=105894"},{"taxonomy":"post_tag","embeddable":true,"href":"https:\/\/blogdoedvaldomagalhaes.com.br\/index.php\/wp-json\/wp\/v2\/tags?post=105894"}],"curies":[{"name":"wp","href":"https:\/\/api.w.org\/{rel}","templated":true}]}}