{"id":105890,"date":"2024-03-02T19:21:12","date_gmt":"2024-03-02T22:21:12","guid":{"rendered":"https:\/\/blogdoedvaldomagalhaes.com.br\/?p=105890"},"modified":"2024-03-02T19:22:44","modified_gmt":"2024-03-02T22:22:44","slug":"santa-cruz-vence-e-vai-encarar-o-sport-ja-o-central-esta-fora-da-serie-d-mais-uma-vez","status":"publish","type":"post","link":"https:\/\/blogdoedvaldomagalhaes.com.br\/index.php\/2024\/03\/02\/santa-cruz-vence-e-vai-encarar-o-sport-ja-o-central-esta-fora-da-serie-d-mais-uma-vez\/","title":{"rendered":"Santa Cruz vence e vai encarar o Sport, j\u00e1 o Central est\u00e1 fora da S\u00e9rie D mais uma vez"},"content":{"rendered":"<p>O Santa Cruz venceu o Central por 1 a 0, neste s\u00e1bado (2), no Est\u00e1dio do Arruda, pela segunda fase do Campeonato Pernambucano. O gol da vit\u00f3ria foi marcado por Gilvan, no segundo tempo. Com o resultado, o Tricolor garantiu vaga na S\u00e9rie D do Campeonato Brasileiro de 2025 e na semifinal do Estadual, onde enfrentar\u00e1 o Sport.<\/p>\n<p>O jogo teve o maior p\u00fablico do ano em Pernambuco, com 35.023 torcedores. A torcida coral fez uma linda festa no Arruda e empurrou o time para a vit\u00f3ria. O gol da classifica\u00e7\u00e3o saiu aos 35 minutos da segunda etapa, com Gilvan, que saiu do banco de reservas para balan\u00e7ar as redes.<\/p>\n<p>O confronto entre Santa Cruz e Central teve um in\u00edcio tenso, com poucas oportunidades de gol. A principal chance surgiu para o Tricolor, quando, aos 26 minutos, Jo\u00e3o Diogo fez um cruzamento na \u00e1rea e Caio Mello desviou a bola, que passou rente ao gol de Chapa. Ap\u00f3s uma breve press\u00e3o dos mandantes, a Patativa conseguiu controlar o jogo e manter a posse de bola at\u00e9 o fim do primeiro tempo.<\/p>\n<p>O Tricolor passou a dominar o campo de ataque na etapa final, por\u00e9m sem amea\u00e7ar a meta do Alvinegro com finaliza\u00e7\u00f5es perigosas. A reviravolta ocorreu aos 32 minutos, quando Gilvan substituiu Pedro Bortoluzo. Gilvan, autor do gol contra o Central na fase anterior, destacou-se novamente aos 35 minutos, aproveitando um rebote de Jo\u00e3o Diogo para marcar.<\/p>\n<p>Apesar da press\u00e3o nos minutos finais, o Santa Cruz n\u00e3o conseguiu criar oportunidades claras de gol, enquanto o Central, em contra-ataques, at\u00e9 que tentou, mas n\u00e3o teve sucesso para empatar o jogo.<\/p>\n<p>SEMIFINAIS DO CAMPEONATO PERNAMBUCANO:<\/p>\n<p>Retr\u00f4 x N\u00e1utico<br \/>\nIda: Aflitos (domingo 10\/03, 16h)<br \/>\nVolta: Arena de Pernambuco (domingo 17\/03, 16h)<\/p>\n<p>Sport x Santa Cruz<\/p>\n<p>Ida: Arruda (s\u00e1bado 09\/03, 16h30)<br \/>\nVolta: Arena de Pernambuco (s\u00e1bado 16\/03, 16h30)<\/p>\n<p>Finais dias 30 de mar\u00e7o e 6 de abril.<\/p>\n<p>Fonte: FPF PE<\/p>\n<p>Seja seguidor do Instagram do Blog, para comentar @blogdoedvaldomagalhaes<\/p>\n","protected":false},"excerpt":{"rendered":"<p>O Santa Cruz venceu o Central por 1 a 0, neste s\u00e1bado (2), no Est\u00e1dio do Arruda, pela segunda fase&hellip;<\/p>\n","protected":false},"author":1,"featured_media":105891,"comment_status":"closed","ping_status":"open","sticky":false,"template":"","format":"standard","meta":{"footnotes":""},"categories":[14120],"tags":[29440,2,28801,3406,29891],"class_list":["post-105890","post","type-post","status-publish","format-standard","has-post-thumbnail","hentry","category-noticias","tag-blog-com-mais-visualizacao","tag-blog-do-edvaldo-magalhaes","tag-blog-mais-acessado","tag-caruaru","tag-santa-cruz-vence-e-vai-encarar-o-sport-e-o-central-esta-fora-da-serie-d-mais-uma-vez"],"_links":{"self":[{"href":"https:\/\/blogdoedvaldomagalhaes.com.br\/index.php\/wp-json\/wp\/v2\/posts\/105890","targetHints":{"allow":["GET"]}}],"collection":[{"href":"https:\/\/blogdoedvaldomagalhaes.com.br\/index.php\/wp-json\/wp\/v2\/posts"}],"about":[{"href":"https:\/\/blogdoedvaldomagalhaes.com.br\/index.php\/wp-json\/wp\/v2\/types\/post"}],"author":[{"embeddable":true,"href":"https:\/\/blogdoedvaldomagalhaes.com.br\/index.php\/wp-json\/wp\/v2\/users\/1"}],"replies":[{"embeddable":true,"href":"https:\/\/blogdoedvaldomagalhaes.com.br\/index.php\/wp-json\/wp\/v2\/comments?post=105890"}],"version-history":[{"count":2,"href":"https:\/\/blogdoedvaldomagalhaes.com.br\/index.php\/wp-json\/wp\/v2\/posts\/105890\/revisions"}],"predecessor-version":[{"id":105893,"href":"https:\/\/blogdoedvaldomagalhaes.com.br\/index.php\/wp-json\/wp\/v2\/posts\/105890\/revisions\/105893"}],"wp:featuredmedia":[{"embeddable":true,"href":"https:\/\/blogdoedvaldomagalhaes.com.br\/index.php\/wp-json\/wp\/v2\/media\/105891"}],"wp:attachment":[{"href":"https:\/\/blogdoedvaldomagalhaes.com.br\/index.php\/wp-json\/wp\/v2\/media?parent=105890"}],"wp:term":[{"taxonomy":"category","embeddable":true,"href":"https:\/\/blogdoedvaldomagalhaes.com.br\/index.php\/wp-json\/wp\/v2\/categories?post=105890"},{"taxonomy":"post_tag","embeddable":true,"href":"https:\/\/blogdoedvaldomagalhaes.com.br\/index.php\/wp-json\/wp\/v2\/tags?post=105890"}],"curies":[{"name":"wp","href":"https:\/\/api.w.org\/{rel}","templated":true}]}}