{"id":105887,"date":"2024-03-02T08:03:39","date_gmt":"2024-03-02T11:03:39","guid":{"rendered":"https:\/\/blogdoedvaldomagalhaes.com.br\/?p=105887"},"modified":"2024-03-02T08:03:40","modified_gmt":"2024-03-02T11:03:40","slug":"missa-de-7-dia-de-dona-grinaura-mae-do-vereador-val-lima-sera-neste-sabado-02","status":"publish","type":"post","link":"https:\/\/blogdoedvaldomagalhaes.com.br\/index.php\/2024\/03\/02\/missa-de-7-dia-de-dona-grinaura-mae-do-vereador-val-lima-sera-neste-sabado-02\/","title":{"rendered":"Missa de 7\u00b0 Dia de dona Grinaura, m\u00e3e do vereador Val Lima, ser\u00e1 neste s\u00e1bado (02)"},"content":{"rendered":"<p>A Missa de 7\u00b0 Dia de falecimento de dona Grinaura Lima Bezerra, m\u00e3e do vereador Val Lima, ser\u00e1 celebrada \u00e0s 19h30, deste s\u00e1bado (02.03), na Igreja do Convento, no bairro Divin\u00f3polis, em Caruaru. <\/p>\n<p>A fam\u00edlia enlutada convida todos para este ato de f\u00e9 crist\u00e3.<\/p>\n","protected":false},"excerpt":{"rendered":"<p>A Missa de 7\u00b0 Dia de falecimento de dona Grinaura Lima Bezerra, m\u00e3e do vereador Val Lima, ser\u00e1 celebrada \u00e0s&hellip;<\/p>\n","protected":false},"author":1,"featured_media":105888,"comment_status":"closed","ping_status":"open","sticky":false,"template":"","format":"standard","meta":{"footnotes":""},"categories":[14120],"tags":[29440,2,28801,3406,29890],"class_list":["post-105887","post","type-post","status-publish","format-standard","has-post-thumbnail","hentry","category-noticias","tag-blog-com-mais-visualizacao","tag-blog-do-edvaldo-magalhaes","tag-blog-mais-acessado","tag-caruaru","tag-missa-de-7-de-dona-grinaura-mae-do-vereador-val-lima-neste-sabado-02"],"_links":{"self":[{"href":"https:\/\/blogdoedvaldomagalhaes.com.br\/index.php\/wp-json\/wp\/v2\/posts\/105887","targetHints":{"allow":["GET"]}}],"collection":[{"href":"https:\/\/blogdoedvaldomagalhaes.com.br\/index.php\/wp-json\/wp\/v2\/posts"}],"about":[{"href":"https:\/\/blogdoedvaldomagalhaes.com.br\/index.php\/wp-json\/wp\/v2\/types\/post"}],"author":[{"embeddable":true,"href":"https:\/\/blogdoedvaldomagalhaes.com.br\/index.php\/wp-json\/wp\/v2\/users\/1"}],"replies":[{"embeddable":true,"href":"https:\/\/blogdoedvaldomagalhaes.com.br\/index.php\/wp-json\/wp\/v2\/comments?post=105887"}],"version-history":[{"count":1,"href":"https:\/\/blogdoedvaldomagalhaes.com.br\/index.php\/wp-json\/wp\/v2\/posts\/105887\/revisions"}],"predecessor-version":[{"id":105889,"href":"https:\/\/blogdoedvaldomagalhaes.com.br\/index.php\/wp-json\/wp\/v2\/posts\/105887\/revisions\/105889"}],"wp:featuredmedia":[{"embeddable":true,"href":"https:\/\/blogdoedvaldomagalhaes.com.br\/index.php\/wp-json\/wp\/v2\/media\/105888"}],"wp:attachment":[{"href":"https:\/\/blogdoedvaldomagalhaes.com.br\/index.php\/wp-json\/wp\/v2\/media?parent=105887"}],"wp:term":[{"taxonomy":"category","embeddable":true,"href":"https:\/\/blogdoedvaldomagalhaes.com.br\/index.php\/wp-json\/wp\/v2\/categories?post=105887"},{"taxonomy":"post_tag","embeddable":true,"href":"https:\/\/blogdoedvaldomagalhaes.com.br\/index.php\/wp-json\/wp\/v2\/tags?post=105887"}],"curies":[{"name":"wp","href":"https:\/\/api.w.org\/{rel}","templated":true}]}}