{"id":105881,"date":"2024-03-01T22:03:31","date_gmt":"2024-03-02T01:03:31","guid":{"rendered":"https:\/\/blogdoedvaldomagalhaes.com.br\/?p=105881"},"modified":"2024-03-01T22:03:31","modified_gmt":"2024-03-02T01:03:31","slug":"aeroporto-de-caruaru-vai-receber-investimentos-para-ampliacao-no-valor-de-r-140-milhoes","status":"publish","type":"post","link":"https:\/\/blogdoedvaldomagalhaes.com.br\/index.php\/2024\/03\/01\/aeroporto-de-caruaru-vai-receber-investimentos-para-ampliacao-no-valor-de-r-140-milhoes\/","title":{"rendered":"Aeroporto de Caruaru vai receber investimentos para amplia\u00e7\u00e3o no valor de R$ 140 milh\u00f5es"},"content":{"rendered":"<p>A governadora Raquel Lyra e o ministro de Portos e Aeroportos, Silvio Costa Filho, anunciaram, nesta sexta-feira (1\u00b0), investimentos no valor de R$ 140 milh\u00f5es para amplia\u00e7\u00e3o do Aeroporto Oscar Laranjeiras, em Caruaru. Situado no maior polo de desenvolvimento do Agreste, a requalifica\u00e7\u00e3o do aer\u00f3dromo vai tornar o local competitivo dentro da malha aeroportu\u00e1ria do pa\u00eds, ofertando mais voos di\u00e1rios para as principais capitais, entre elas S\u00e3o Paulo e Bras\u00edlia. Os gestores assinaram um termo de coopera\u00e7\u00e3o para viabilizar o in\u00edcio das obras. O projeto est\u00e1 sendo feito pelo Governo do Estado. <\/p>\n<p>\u201cHoje \u00e9 um dia de festa. Quem \u00e9 do Agreste sabe o quanto essa obra foi sonhada pela popula\u00e7\u00e3o. Nossa regi\u00e3o est\u00e1 sendo contemplada com um aeroporto que vai ajudar a impulsionar ainda mais o crescimento econ\u00f4mico, o desenvolvimento do nosso turismo, a garantia do fortalecimento do Polo de Confec\u00e7\u00f5es, al\u00e9m de novas ind\u00fastrias podendo chegar atrav\u00e9s de um ponto log\u00edstico que se soma a outros investimentos que est\u00e3o acontecendo, a exemplo da triplica\u00e7\u00e3o da BR-232 e obras na BR-104. Tudo isso \u00e9 necess\u00e1rio para melhorar e fortalecer a voca\u00e7\u00e3o log\u00edstica de Caruaru e da regi\u00e3o, gerando emprego e renda para nossa gente\u201d, ressaltou Raquel Lyra, acompanhada pela vice-governadora Priscila Krause.<\/p>\n<p>Ainda durante a solenidade, foi anunciado o aumento da frequ\u00eancia de voos di\u00e1rios da Azul nas opera\u00e7\u00f5es entre Recife e Caruaru. A partir de 10 de junho, a popula\u00e7\u00e3o que for aproveitar uma das maiores festas de S\u00e3o Jo\u00e3o do mundo ter\u00e1 \u00e0 disposi\u00e7\u00e3o dois voos di\u00e1rios de Recife para Caruaru, com partidas \u00e0s 8h e \u00e0s 16h05. J\u00e1 o retorno de Caruaru para Recife poder\u00e1 ser feito, tamb\u00e9m diariamente, \u00e0s 9h10 ou \u00e0s 17h15.<\/p>\n<p>O trajeto entre as duas cidades pernambucanas dura cerca de 35 minutos, ampliando o n\u00famero de assentos de 9 para 70 por voo.<\/p>\n<p>De acordo com o ministro Silvio Costa Filho, a expectativa \u00e9 de que at\u00e9 o m\u00eas de junho a licita\u00e7\u00e3o j\u00e1 esteja pronta para que as obras possam ser iniciadas. \u201cAp\u00f3s o in\u00edcio das obras, temos a expectativa de entregar o aeroporto em at\u00e9 24 meses. Tamb\u00e9m est\u00e1 em nosso planejamento fazer, dentro do aeroporto, um centro cultural de artesanato para que os turistas que chegam a Caruaru possam conhecer mais da cultura do Agreste e da regi\u00e3o\u201d, destacou.<\/p>\n<p>O aeroporto ganhar\u00e1 um novo terminal com 6 mil m\u00b2, al\u00e9m de ter uma amplia\u00e7\u00e3o da pista de pouso e decolagem, passando de 1.800 para 2.250 metros, implementa\u00e7\u00e3o de novas pistas de taxiamento de aeronaves e a constru\u00e7\u00e3o de um novo p\u00e1tio de aeronaves.<\/p>\n<p>Para o prefeito de Caruaru, Rodrigo Pinheiro, esse \u00e9 um feito hist\u00f3rico no munic\u00edpio. \u201c\u00c9 um momento muito importante para Caruaru. Esses investimentos v\u00e3o ajudar a impulsionar ainda mais a nossa economia, ligando o munic\u00edpio a grandes capitais do pa\u00eds, trazendo mais turistas para a nossa cidade, sobretudo, para o nosso S\u00e3o Jo\u00e3o, que \u00e9 o maior do mundo\u201d, pontuou.<\/p>\n<p>Estiveram presentes na solenidade os deputados federais Iza Arruda, Luciano Bivar, Augusto Coutinho, Carlos Veras, Renildo Calheiros, Eriberto Medeiros, Pedro Campos, Coronel Meira e Pastor Eurico; os deputados estaduais Jo\u00e3ozinho Ten\u00f3rio, M\u00e1rio Ricardo, Chaparral, William Brigido, Eriberto Filho, Edson Vieira, Jo\u00e3o de Nadegi, Rosa Amorim e Jo\u00e3o Paulo Costa; o ex-governador de Pernambuco Jo\u00e3o Lyra Neto; os secret\u00e1rios estaduais T\u00falio Vila\u00e7a (Casa Civil) e Diogo Bezerra (Mobilidade e Infraestrutura); o diretor-presidente da Ag\u00eancia de Desenvolvimento Econ\u00f4mico de Pernambuco (Adepe), Andr\u00e9 Teixeira; o diretor-presidente da Ag\u00eancia Nacional de Avia\u00e7\u00e3o Civil, Tiago Pereira; o presidente da Infraero, Rog\u00e9rio Barzellay; o vice-presidente da Azul Linhas A\u00e9reas, F\u00e1bio Campos; al\u00e9m de prefeitos e vereadores da regi\u00e3o.<\/p>\n<p>*CONIAPE* &#8211; Durante visita ao munic\u00edpio de Caruaru, a chefe do Executivo tamb\u00e9m participou do encontro do Cons\u00f3rcio P\u00fablico Intermunicipal do Agreste Pernambucano e Fronteiras (CONIAPE). Estiveram reunidos prefeitos, vereadores e lideran\u00e7as da regi\u00e3o.<br \/>\nFoto: Miva Filho\/Secom<\/p>\n<p>Seja seguidor do Instagram do Blog, para comentar @blogdoedvaldomagalhaes<\/p>\n","protected":false},"excerpt":{"rendered":"<p>A governadora Raquel Lyra e o ministro de Portos e Aeroportos, Silvio Costa Filho, anunciaram, nesta sexta-feira (1\u00b0), investimentos no&hellip;<\/p>\n","protected":false},"author":1,"featured_media":105882,"comment_status":"closed","ping_status":"open","sticky":false,"template":"","format":"standard","meta":{"footnotes":""},"categories":[14122],"tags":[29888,29440,2,28801,3406,20,1229,6162],"class_list":["post-105881","post","type-post","status-publish","format-standard","has-post-thumbnail","hentry","category-politica","tag-aeroporto-de-caruaru-vai-receber-investimentos-para-ampliacao-no-valor-de-r-140-milhoes","tag-blog-com-mais-visualizacao","tag-blog-do-edvaldo-magalhaes","tag-blog-mais-acessado","tag-caruaru","tag-politica","tag-raquel-lyra","tag-silvio-costa-filho"],"_links":{"self":[{"href":"https:\/\/blogdoedvaldomagalhaes.com.br\/index.php\/wp-json\/wp\/v2\/posts\/105881","targetHints":{"allow":["GET"]}}],"collection":[{"href":"https:\/\/blogdoedvaldomagalhaes.com.br\/index.php\/wp-json\/wp\/v2\/posts"}],"about":[{"href":"https:\/\/blogdoedvaldomagalhaes.com.br\/index.php\/wp-json\/wp\/v2\/types\/post"}],"author":[{"embeddable":true,"href":"https:\/\/blogdoedvaldomagalhaes.com.br\/index.php\/wp-json\/wp\/v2\/users\/1"}],"replies":[{"embeddable":true,"href":"https:\/\/blogdoedvaldomagalhaes.com.br\/index.php\/wp-json\/wp\/v2\/comments?post=105881"}],"version-history":[{"count":1,"href":"https:\/\/blogdoedvaldomagalhaes.com.br\/index.php\/wp-json\/wp\/v2\/posts\/105881\/revisions"}],"predecessor-version":[{"id":105883,"href":"https:\/\/blogdoedvaldomagalhaes.com.br\/index.php\/wp-json\/wp\/v2\/posts\/105881\/revisions\/105883"}],"wp:featuredmedia":[{"embeddable":true,"href":"https:\/\/blogdoedvaldomagalhaes.com.br\/index.php\/wp-json\/wp\/v2\/media\/105882"}],"wp:attachment":[{"href":"https:\/\/blogdoedvaldomagalhaes.com.br\/index.php\/wp-json\/wp\/v2\/media?parent=105881"}],"wp:term":[{"taxonomy":"category","embeddable":true,"href":"https:\/\/blogdoedvaldomagalhaes.com.br\/index.php\/wp-json\/wp\/v2\/categories?post=105881"},{"taxonomy":"post_tag","embeddable":true,"href":"https:\/\/blogdoedvaldomagalhaes.com.br\/index.php\/wp-json\/wp\/v2\/tags?post=105881"}],"curies":[{"name":"wp","href":"https:\/\/api.w.org\/{rel}","templated":true}]}}