{"id":105877,"date":"2024-03-01T21:34:50","date_gmt":"2024-03-02T00:34:50","guid":{"rendered":"https:\/\/blogdoedvaldomagalhaes.com.br\/?p=105877"},"modified":"2024-03-01T21:40:16","modified_gmt":"2024-03-02T00:40:16","slug":"anderson-correia-desenvolve-projeto-com-coleiras-refletivas-para-evitar-acidentes-com-animais-de-rua","status":"publish","type":"post","link":"https:\/\/blogdoedvaldomagalhaes.com.br\/index.php\/2024\/03\/01\/anderson-correia-desenvolve-projeto-com-coleiras-refletivas-para-evitar-acidentes-com-animais-de-rua\/","title":{"rendered":"Anderson Correia desenvolve projeto com coleiras refletivas para evitar acidentes com animais de rua"},"content":{"rendered":"<p>Conhecido por promover diversas iniciativas em prol dos animais, o vereador Anderson Correia desenvolveu mais um projeto para os pets de Caruaru. Desta vez, inspirado por outras refer\u00eancias da pauta animalista no Brasil, o defensor dos animais na Capital do Agreste promoveu a entrega de coleiras refletivas para c\u00e3es de ruas. O objetivo da a\u00e7\u00e3o \u00e9 para que os motoristas possam enxergar os animais durante a noite, evitando acidentes e atropelamentos, como explica o edil.<\/p>\n<p>\u201cPrecisamos pensar em ideias que ajudem cada vez mais os animais de rua tamb\u00e9m. Muitas vezes eles est\u00e3o andando de forma errante nas vias do munic\u00edpio em busca de comida, e acabam sofrendo os perigos noturnos da cidade, com o fluxo de carros e motos, que muitas vezes atropelam esses animais. Com a coleira refletiva, fica mais f\u00e1cil a visibilidade dos animais para os motoristas, evitando, assim, acidentes e atropelamentos\u201d, destacou Anderson.<br \/>\nFoto: Divulga\u00e7\u00e3o<\/p>\n<p>Seja seguidor do Instagram do Blog @blogdoedvaldomagalhaes<\/p>\n","protected":false},"excerpt":{"rendered":"<p>Conhecido por promover diversas iniciativas em prol dos animais, o vereador Anderson Correia desenvolveu mais um projeto para os pets&hellip;<\/p>\n","protected":false},"author":1,"featured_media":105880,"comment_status":"closed","ping_status":"open","sticky":false,"template":"","format":"standard","meta":{"footnotes":""},"categories":[14122],"tags":[29887,29440,2,28801,3406],"class_list":["post-105877","post","type-post","status-publish","format-standard","has-post-thumbnail","hentry","category-politica","tag-anderson-correia-desenvolve-projeto-com-coleiras-refletivas-para-evitar-acidentes-com-animais-de-rua","tag-blog-com-mais-visualizacao","tag-blog-do-edvaldo-magalhaes","tag-blog-mais-acessado","tag-caruaru"],"_links":{"self":[{"href":"https:\/\/blogdoedvaldomagalhaes.com.br\/index.php\/wp-json\/wp\/v2\/posts\/105877","targetHints":{"allow":["GET"]}}],"collection":[{"href":"https:\/\/blogdoedvaldomagalhaes.com.br\/index.php\/wp-json\/wp\/v2\/posts"}],"about":[{"href":"https:\/\/blogdoedvaldomagalhaes.com.br\/index.php\/wp-json\/wp\/v2\/types\/post"}],"author":[{"embeddable":true,"href":"https:\/\/blogdoedvaldomagalhaes.com.br\/index.php\/wp-json\/wp\/v2\/users\/1"}],"replies":[{"embeddable":true,"href":"https:\/\/blogdoedvaldomagalhaes.com.br\/index.php\/wp-json\/wp\/v2\/comments?post=105877"}],"version-history":[{"count":1,"href":"https:\/\/blogdoedvaldomagalhaes.com.br\/index.php\/wp-json\/wp\/v2\/posts\/105877\/revisions"}],"predecessor-version":[{"id":105878,"href":"https:\/\/blogdoedvaldomagalhaes.com.br\/index.php\/wp-json\/wp\/v2\/posts\/105877\/revisions\/105878"}],"wp:featuredmedia":[{"embeddable":true,"href":"https:\/\/blogdoedvaldomagalhaes.com.br\/index.php\/wp-json\/wp\/v2\/media\/105880"}],"wp:attachment":[{"href":"https:\/\/blogdoedvaldomagalhaes.com.br\/index.php\/wp-json\/wp\/v2\/media?parent=105877"}],"wp:term":[{"taxonomy":"category","embeddable":true,"href":"https:\/\/blogdoedvaldomagalhaes.com.br\/index.php\/wp-json\/wp\/v2\/categories?post=105877"},{"taxonomy":"post_tag","embeddable":true,"href":"https:\/\/blogdoedvaldomagalhaes.com.br\/index.php\/wp-json\/wp\/v2\/tags?post=105877"}],"curies":[{"name":"wp","href":"https:\/\/api.w.org\/{rel}","templated":true}]}}