{"id":105874,"date":"2024-03-01T20:21:33","date_gmt":"2024-03-01T23:21:33","guid":{"rendered":"https:\/\/blogdoedvaldomagalhaes.com.br\/?p=105874"},"modified":"2024-03-01T20:21:33","modified_gmt":"2024-03-01T23:21:33","slug":"caruaru-city-promove-avaliacoes-tecnicas-para-as-categoria-sub-13-15-e-17-neste-sabado-02","status":"publish","type":"post","link":"https:\/\/blogdoedvaldomagalhaes.com.br\/index.php\/2024\/03\/01\/caruaru-city-promove-avaliacoes-tecnicas-para-as-categoria-sub-13-15-e-17-neste-sabado-02\/","title":{"rendered":"Caruaru City promove avalia\u00e7\u00f5es t\u00e9cnicas para as categoria sub-13, 15 e 17 neste s\u00e1bado (02)"},"content":{"rendered":"<p>O Caruaru City est\u00e1 com inscri\u00e7\u00f5es abertas para avalia\u00e7\u00f5es t\u00e9cnicas nas categorias sub-13, 15 e 17. Poder\u00e3o participar atletas nascidos entre os anos de 2007 e 2012, que ir\u00e3o refor\u00e7ar as sele\u00e7\u00f5es do Leopardo nas competi\u00e7\u00f5es de futebol de campo da temporada 2024. <\/p>\n<p>As avalia\u00e7\u00f5es ser\u00e3o divididas em duas etapas, sendo a primeira delas no pr\u00f3ximo s\u00e1bado, dia 2 de mar\u00e7o, a partir das 8h, no Centro Esportivo do Caruaru City, no Caruaru Shopping, bairro Indian\u00f3polis, na Capital do Agreste. Os atletas ser\u00e3o observados por uma equipe t\u00e9cnica formada por profissionais do clube.<\/p>\n<p>O Caruaru City refor\u00e7a que as inscri\u00e7\u00f5es s\u00e3o gratuitas e as vagas s\u00e3o limitadas. Os interessados devem preencher o formul\u00e1rio de cadastro no site do clube (www.caruarucity.com.br).<\/p>\n<p>_Imagens: Ellen Galv\u00e3o\/Caruaru City_<\/p>\n<p>_ASCOM Caruaru City SC_<br \/>\n_(81) 99940-7119_<\/p>\n<p>_www.caruarucity.com.br_<br \/>\n_Facebook: @CaruaruCity.SC_<br \/>\n_Instagram: @CaruaruCity.SC_<br \/>\n_Youtube: Caruaru City TV_<br \/>\n_Twitter: @CaruaruCitysc_<\/p>\n","protected":false},"excerpt":{"rendered":"<p>O Caruaru City est\u00e1 com inscri\u00e7\u00f5es abertas para avalia\u00e7\u00f5es t\u00e9cnicas nas categorias sub-13, 15 e 17. Poder\u00e3o participar atletas nascidos&hellip;<\/p>\n","protected":false},"author":1,"featured_media":105875,"comment_status":"closed","ping_status":"open","sticky":false,"template":"","format":"standard","meta":{"footnotes":""},"categories":[14120],"tags":[29440,2,28801,3406,29886],"class_list":["post-105874","post","type-post","status-publish","format-standard","has-post-thumbnail","hentry","category-noticias","tag-blog-com-mais-visualizacao","tag-blog-do-edvaldo-magalhaes","tag-blog-mais-acessado","tag-caruaru","tag-caruaru-city-promove-avaliacoes-tecnicas-para-as-categoria-sub-13-15-e-17"],"_links":{"self":[{"href":"https:\/\/blogdoedvaldomagalhaes.com.br\/index.php\/wp-json\/wp\/v2\/posts\/105874","targetHints":{"allow":["GET"]}}],"collection":[{"href":"https:\/\/blogdoedvaldomagalhaes.com.br\/index.php\/wp-json\/wp\/v2\/posts"}],"about":[{"href":"https:\/\/blogdoedvaldomagalhaes.com.br\/index.php\/wp-json\/wp\/v2\/types\/post"}],"author":[{"embeddable":true,"href":"https:\/\/blogdoedvaldomagalhaes.com.br\/index.php\/wp-json\/wp\/v2\/users\/1"}],"replies":[{"embeddable":true,"href":"https:\/\/blogdoedvaldomagalhaes.com.br\/index.php\/wp-json\/wp\/v2\/comments?post=105874"}],"version-history":[{"count":1,"href":"https:\/\/blogdoedvaldomagalhaes.com.br\/index.php\/wp-json\/wp\/v2\/posts\/105874\/revisions"}],"predecessor-version":[{"id":105876,"href":"https:\/\/blogdoedvaldomagalhaes.com.br\/index.php\/wp-json\/wp\/v2\/posts\/105874\/revisions\/105876"}],"wp:featuredmedia":[{"embeddable":true,"href":"https:\/\/blogdoedvaldomagalhaes.com.br\/index.php\/wp-json\/wp\/v2\/media\/105875"}],"wp:attachment":[{"href":"https:\/\/blogdoedvaldomagalhaes.com.br\/index.php\/wp-json\/wp\/v2\/media?parent=105874"}],"wp:term":[{"taxonomy":"category","embeddable":true,"href":"https:\/\/blogdoedvaldomagalhaes.com.br\/index.php\/wp-json\/wp\/v2\/categories?post=105874"},{"taxonomy":"post_tag","embeddable":true,"href":"https:\/\/blogdoedvaldomagalhaes.com.br\/index.php\/wp-json\/wp\/v2\/tags?post=105874"}],"curies":[{"name":"wp","href":"https:\/\/api.w.org\/{rel}","templated":true}]}}