{"id":105870,"date":"2024-03-01T20:10:59","date_gmt":"2024-03-01T23:10:59","guid":{"rendered":"https:\/\/blogdoedvaldomagalhaes.com.br\/?p=105870"},"modified":"2024-03-01T20:14:25","modified_gmt":"2024-03-01T23:14:25","slug":"associacao-agreste-forte-primeira-diretoria-e-anunciada-apos-eleicao-por-aclamacao","status":"publish","type":"post","link":"https:\/\/blogdoedvaldomagalhaes.com.br\/index.php\/2024\/03\/01\/associacao-agreste-forte-primeira-diretoria-e-anunciada-apos-eleicao-por-aclamacao\/","title":{"rendered":"Associa\u00e7\u00e3o Agreste + Forte: primeira diretoria \u00e9 anunciada ap\u00f3s elei\u00e7\u00e3o por aclama\u00e7\u00e3o"},"content":{"rendered":"<p>A Associa\u00e7\u00e3o Agreste + Forte celebrou um momento hist\u00f3rico ao eleger sua primeira diretoria, nesta quarta-feira (28), no Caruaru Park Hotel. Os representantes foram escolhidos por aclama\u00e7\u00e3o e unanimidade, consolidando assim um grupo formado por mais de 50 lideran\u00e7as de 14 munic\u00edpios do Agreste Central, Setentrional e Arcoverde.<\/p>\n<p>Esta conquista representa n\u00e3o apenas um marco para a associa\u00e7\u00e3o, mas tamb\u00e9m para toda a regi\u00e3o, demonstrando o comprometimento e a responsabilidade compartilhada em impulsionar o desenvolvimento econ\u00f4mico e social. Os membros eleitos reconhecem a import\u00e2ncia da confian\u00e7a depositada em seus nomes para representar e fortalecer os interesses de toda o territ\u00f3rio.<\/p>\n<p>Com este importante passo, a Associa\u00e7\u00e3o Agreste + Forte se posiciona como um s\u00edmbolo de uni\u00e3o, determina\u00e7\u00e3o e progresso com foco no desenvolvimento principalmente do com\u00e9rcio, do turismo, da cultura e da confec\u00e7\u00e3o, eixos definidos como afins aos munic\u00edpios participantes. Juntos, os membros da diretoria est\u00e3o prontos para enfrentar os desafios e oportunidades que se apresentarem, trabalhando para construir um futuro promissor para a regi\u00e3o.<\/p>\n<p>De acordo com o presidente eleito, Jos\u00e9 Wendes, este \u00e9 apenas o come\u00e7o de uma jornada inspiradora. &#8220;A colabora\u00e7\u00e3o e a coopera\u00e7\u00e3o ser\u00e3o fundamentais para alcan\u00e7armos os objetivos compartilhados e constru\u00eddos em conjunto. Que este momento seja lembrado como o ponto de partida para uma era de prosperidade e crescimento para o Agreste Central, Setentrional e Arcoverde&#8221;, declarou Wendes.<\/p>\n<p>A Associa\u00e7\u00e3o Agreste + Forte surge como resultado do Programa LIDER do Sebrae, em resposta \u00e0 necessidade de uma atua\u00e7\u00e3o integrada entre lideran\u00e7as do poder p\u00fablico, entidades privadas e do terceiro setor para promover o desenvolvimento sustent\u00e1vel dos territ\u00f3rios brasileiros. No Agreste Central e Setentrional de Pernambuco, participaram 14 munic\u00edpios e com a inclus\u00e3o de mais de 50 l\u00edderes locais, unidos por um objetivo comum.<\/p>\n<p>*Diretoria*<\/p>\n<p>Presidente: Jos\u00e9 Wendes, de Bezerros<br \/>\nVice-presidente: Karina Ver\u00edssimo, de Belo Jardim<br \/>\n1\u2070 Tesoureiro: Maycon Ara\u00fajo, de Arcoverde<br \/>\n2\u2070 Tesoureiro: Miguelito J\u00fanior, de Arcoverde<br \/>\n1\u2070 secret\u00e1rio: Katyane Michele, de Sta Cruz do Capibaribe<br \/>\n2\u2070 secret\u00e1rio: Eliene Olina<\/p>\n<p>Conselho Fiscal<br \/>\nTitulares:<br \/>\nHelder Alc\u00e2ntara, de Riacho das Almas<br \/>\nVital Medeiros, de Gravat\u00e1<br \/>\nRonaldo Veiga, de Taquaritinga do Norte<\/p>\n<p>Suplentes:<br \/>\nNathalia Tiburtino, de Riacho das Almas<br \/>\nJosias Teles, de Gravat\u00e1<br \/>\nJosivan Ramos, de Sta Cruz do Capibaribe<br \/>\nFoto: Divulga\u00e7\u00e3o<\/p>\n<p>Seja seguidor do Instagram do Blog, para comentar @blogdoedvaldomagalhaes<\/p>\n","protected":false},"excerpt":{"rendered":"<p>A Associa\u00e7\u00e3o Agreste + Forte celebrou um momento hist\u00f3rico ao eleger sua primeira diretoria, nesta quarta-feira (28), no Caruaru Park&hellip;<\/p>\n","protected":false},"author":1,"featured_media":105873,"comment_status":"closed","ping_status":"open","sticky":false,"template":"","format":"standard","meta":{"footnotes":""},"categories":[14120],"tags":[29885,29440,2,28801,3406],"class_list":["post-105870","post","type-post","status-publish","format-standard","has-post-thumbnail","hentry","category-noticias","tag-associacao-agreste-forte-primeira-diretoria-e-anunciada-apos-eleicao-por-aclamacao","tag-blog-com-mais-visualizacao","tag-blog-do-edvaldo-magalhaes","tag-blog-mais-acessado","tag-caruaru"],"_links":{"self":[{"href":"https:\/\/blogdoedvaldomagalhaes.com.br\/index.php\/wp-json\/wp\/v2\/posts\/105870","targetHints":{"allow":["GET"]}}],"collection":[{"href":"https:\/\/blogdoedvaldomagalhaes.com.br\/index.php\/wp-json\/wp\/v2\/posts"}],"about":[{"href":"https:\/\/blogdoedvaldomagalhaes.com.br\/index.php\/wp-json\/wp\/v2\/types\/post"}],"author":[{"embeddable":true,"href":"https:\/\/blogdoedvaldomagalhaes.com.br\/index.php\/wp-json\/wp\/v2\/users\/1"}],"replies":[{"embeddable":true,"href":"https:\/\/blogdoedvaldomagalhaes.com.br\/index.php\/wp-json\/wp\/v2\/comments?post=105870"}],"version-history":[{"count":1,"href":"https:\/\/blogdoedvaldomagalhaes.com.br\/index.php\/wp-json\/wp\/v2\/posts\/105870\/revisions"}],"predecessor-version":[{"id":105871,"href":"https:\/\/blogdoedvaldomagalhaes.com.br\/index.php\/wp-json\/wp\/v2\/posts\/105870\/revisions\/105871"}],"wp:featuredmedia":[{"embeddable":true,"href":"https:\/\/blogdoedvaldomagalhaes.com.br\/index.php\/wp-json\/wp\/v2\/media\/105873"}],"wp:attachment":[{"href":"https:\/\/blogdoedvaldomagalhaes.com.br\/index.php\/wp-json\/wp\/v2\/media?parent=105870"}],"wp:term":[{"taxonomy":"category","embeddable":true,"href":"https:\/\/blogdoedvaldomagalhaes.com.br\/index.php\/wp-json\/wp\/v2\/categories?post=105870"},{"taxonomy":"post_tag","embeddable":true,"href":"https:\/\/blogdoedvaldomagalhaes.com.br\/index.php\/wp-json\/wp\/v2\/tags?post=105870"}],"curies":[{"name":"wp","href":"https:\/\/api.w.org\/{rel}","templated":true}]}}