{"id":105864,"date":"2024-03-01T18:58:55","date_gmt":"2024-03-01T21:58:55","guid":{"rendered":"https:\/\/blogdoedvaldomagalhaes.com.br\/?p=105864"},"modified":"2024-03-12T17:18:35","modified_gmt":"2024-03-12T20:18:35","slug":"campanha-amarelo-lilas-marca-luta-por-mais-cuidados-a-saude-da-mulher","status":"publish","type":"post","link":"https:\/\/blogdoedvaldomagalhaes.com.br\/index.php\/2024\/03\/01\/campanha-amarelo-lilas-marca-luta-por-mais-cuidados-a-saude-da-mulher\/","title":{"rendered":"Campanha Amarelo-Lil\u00e1s marca luta por mais cuidados \u00e0 sa\u00fade da mulher"},"content":{"rendered":"<p><span class=\"s4\" style=\"font-size: revert;\"><span class=\"bumpedFont15\">Mar\u00e7o come\u00e7a vestido com cores para a conscientiza\u00e7\u00e3o, preven\u00e7\u00e3o, diagn\u00f3stico precoce e tratamento da endometriose e do c\u00e2ncer de colo do \u00fatero. Um m\u00eas inteiro destinado a mobiliza\u00e7\u00f5es como parte da campanha nacional \u201c<\/span><\/span><span class=\"s4\" style=\"font-size: revert;\"><span class=\"bumpedFont15\">Mar\u00e7o<\/span><\/span><span class=\"s4\" style=\"font-size: revert;\"><span class=\"bumpedFont15\">Amarelo e Lil\u00e1s\u201d. Muitas vezes negligenciadas por desinforma\u00e7\u00e3o ou falta de acompanhamento m\u00e9dico regular, a endometriose e o c\u00e2ncer do colo do \u00fatero atingem milh\u00f5es de brasileiras, comprometendo a sa\u00fade e a qualidade de vida dessas mulheres.<\/span><\/span><\/p>\n<p class=\"s2\">\n<p class=\"s2\"><span class=\"s4\"><span class=\"bumpedFont15\">O <\/span><\/span><span class=\"s4\"><span class=\"bumpedFont15\">Mar\u00e7o<\/span><\/span><span class=\"s4\"><span class=\"bumpedFont15\"> Amarelo corresponde \u00e0 luta para detec\u00e7\u00e3o e tratamento da endometriose. Esta condi\u00e7\u00e3o afeta cerca de 176 milh\u00f5es de mulheres em todo o mundo. S\u00e3o cerca de 7 milh\u00f5es somente no Brasil, segundo a Organiza\u00e7\u00e3o Mundial da Sa\u00fade (OMS). A endometriose \u00e9 uma doen\u00e7a que ocorre quando a <\/span><\/span><span class=\"s4\"><span class=\"bumpedFont15\">camada<\/span><\/span><span class=\"s4\"><span class=\"bumpedFont15\"> que reveste a parede interna do \u00fatero, chamada endom\u00e9trio, cresce em outras regi\u00f5es do corpo, causando les\u00f5es, inflama\u00e7\u00f5es e ader\u00eancias entre os \u00f3rg\u00e3os. Com<\/span><\/span><span class=\"s4\"><span class=\"bumpedFont15\">o<\/span><\/span><span class=\"s4\"><span class=\"bumpedFont15\"> a endometriose<\/span><\/span><span class=\"s4\"><span class=\"bumpedFont15\"> \u00e9 uma doen\u00e7a com padr\u00e3o<\/span><\/span><span class=\"s4\"><span class=\"bumpedFont15\"> inflamat\u00f3ri<\/span><\/span><span class=\"s4\"><span class=\"bumpedFont15\">o,<\/span><\/span><span class=\"s4\"><span class=\"bumpedFont15\">h\u00e1 uma modifica\u00e7\u00e3o no funcionamento do organismo. <\/span><\/span><span class=\"s4\"><span class=\"bumpedFont15\">Ela <\/span><\/span><span class=\"s4\"><span class=\"bumpedFont15\">tem sido muito estudada nos \u00faltimos anos por especialistas, mas n\u00e3o h\u00e1 consenso sobre sua causa<\/span><\/span><span class=\"s4\"><span class=\"bumpedFont15\"> inicial, apesar de algumas teorias<\/span><\/span><span class=\"s4\"><span class=\"bumpedFont15\">. Entre hip\u00f3teses aventadas como<\/span><\/span><span class=\"s4\"><span class=\"bumpedFont15\"> gatilhos para o problema, est\u00e1 a produ\u00e7\u00e3o de estrog\u00eanio &#8211; resultado de fatores que v\u00e3o da gen\u00e9tica e estresse \u00e0 inflama\u00e7\u00e3o no corpo. Neste caso da inflama\u00e7\u00e3o no corpo, com influ\u00eancia direta da alimenta\u00e7\u00e3o da mulher. <\/span><\/span><\/p>\n<p class=\"s2\">\n<p class=\"s2\"><span class=\"s4\"><span class=\"bumpedFont15\">Ainda que considerada benigna, a endometriose, na maioria das vezes, <\/span><\/span><span class=\"s4\"><span class=\"bumpedFont15\">pode ser<\/span><\/span><span class=\"s4\"><span class=\"bumpedFont15\"> acompanhada de dores fortes cont\u00ednuas (entre 80% e 90% das mulheres com endometriose t\u00eam dor exacerbada, como c\u00f3licas menstruais e dores nas rela\u00e7\u00f5es sexuais), dor p\u00e9lvica, anemia e fadiga<\/span><\/span><span class=\"s4\"><span class=\"bumpedFont15\">, dor ao defecar e\/ou modifica\u00e7\u00e3o do funcionamento intestinal.<\/span><\/span> <span class=\"s4\"><span class=\"bumpedFont15\">As mulheres em fase reprodutiva enfrentam risco ampliado da infertilidade: estudos estimam que 40% das pacientes com endometriose lidam com problemas para engravidar.<\/span><\/span><\/p>\n<p class=\"s2\"><span class=\"s4\"><span class=\"bumpedFont15\">\u201cA<\/span><\/span><span class=\"s4\"><span class=\"bumpedFont15\">pesar <\/span><\/span><span class=\"s4\"><span class=\"bumpedFont15\">do volume de<\/span><\/span><span class=\"s4\"><span class=\"bumpedFont15\"> publica\u00e7\u00f5es nos \u00faltimos anos, incluindo cient\u00edficas<\/span><\/span><span class=\"s4\"><span class=\"bumpedFont15\">, e outras vistas <\/span><\/span><span class=\"s4\"><span class=\"bumpedFont15\">nas m\u00eddias sociais, <\/span><\/span><span class=\"s4\"><span class=\"bumpedFont15\">a endometriose<\/span><\/span><span class=\"s4\"><span class=\"bumpedFont15\"> \u00e9 uma doen\u00e7a que costuma ser <\/span><\/span><span class=\"s4\"><span class=\"bumpedFont15\">cercada<\/span><\/span><span class=\"s4\"><span class=\"bumpedFont15\"> de mitos e falsas verdades, o que <\/span><\/span><span class=\"s4\"><span class=\"bumpedFont15\">tem rela\u00e7\u00e3o direta com a falta de informa\u00e7\u00e3o<\/span><\/span><span class=\"s4\"><span class=\"bumpedFont15\">\u201d<\/span><\/span><span class=\"s4\"><span class=\"bumpedFont15\">, diz a<\/span><\/span><span class=\"s4\"><span class=\"bumpedFont15\"> m\u00e9dica <\/span><\/span><span class=\"s4\"><span class=\"bumpedFont15\">r<\/span><\/span><span class=\"s4\"><span class=\"bumpedFont15\">adiologista Andr\u00e9a Leite<\/span><\/span><span class=\"s4\"><span class=\"bumpedFont15\">, especialista em imagem abdominal, p\u00e9lvica e oncol\u00f3gica<\/span><\/span><span class=\"s4\"><span class=\"bumpedFont15\">. \u201c<\/span><\/span><span class=\"s4\"><span class=\"bumpedFont15\">Precisamos estar unidas para propagar dados corretos, falar da import\u00e2ncia do acompanhamento regular dos <\/span><\/span><span class=\"s4\"><span class=\"bumpedFont15\">especialistas<\/span><\/span><span class=\"s4\"><span class=\"bumpedFont15\">e da realiza\u00e7\u00e3o de exames <\/span><\/span><span class=\"s4\"><span class=\"bumpedFont15\">acurados<\/span><\/span><span class=\"s4\"><span class=\"bumpedFont15\"> para que provid\u00eancias sejam tomadas e as mulheres possam ter uma vida saud\u00e1vel\u201d, completa <\/span><\/span><span class=\"s4\"><span class=\"bumpedFont15\">Andr\u00e9a<\/span><\/span><span class=\"s4\"><span class=\"bumpedFont15\"> Leite<\/span><\/span><span class=\"s4\"><span class=\"bumpedFont15\">, do Centro de Diagn\u00f3stico Lucilo \u00c1vila (CDLA), institui\u00e7\u00e3o refer\u00eancia em exames de imagens em Pernambuco e que encampa agora em mar\u00e7o a Campanha Nacional Amarelo-Lil\u00e1s. <\/span><\/span><\/p>\n<p class=\"s2\"><span class=\"s4\"><span class=\"bumpedFont15\">Em <\/span><\/span><span class=\"s4\"><span class=\"bumpedFont15\">centros de <\/span><\/span><span class=\"s4\"><span class=\"bumpedFont15\">i<\/span><\/span><span class=\"s4\"><span class=\"bumpedFont15\">magem<\/span><\/span> <span class=\"s4\"><span class=\"bumpedFont15\">avan\u00e7ados <\/span><\/span><span class=\"s4\"><span class=\"bumpedFont15\">como o Lucilo<\/span><\/span><span class=\"s4\"><span class=\"bumpedFont15\"> \u00c1vila<\/span><\/span><span class=\"s4\"><span class=\"bumpedFont15\">, os exames destinados ao diagn\u00f3stico da endometriose s\u00e3o as ultrassonografias transvaginal comum e a ultrassonografia com preparo intestinal para <\/span><\/span><span class=\"s4\"><span class=\"bumpedFont15\">mapeamento<\/span><\/span><span class=\"s4\"><span class=\"bumpedFont15\"> d<\/span><\/span><span class=\"s4\"><span class=\"bumpedFont15\">a<\/span><\/span><span class=\"s4\"><span class=\"bumpedFont15\"> endometriose <\/span><\/span><span class=\"s4\"><span class=\"bumpedFont15\">e a Resson\u00e2ncia Magn\u00e9tica da Pelve.<\/span><\/span> <span class=\"s4\"><span class=\"bumpedFont15\">O exame com preparo intestinal <\/span><\/span><span class=\"s4\"><span class=\"bumpedFont15\">recomendado<\/span><\/span><span class=\"s4\"><span class=\"bumpedFont15\"> \u00e0s mulheres com endometriose consegue<\/span><\/span><span class=\"s4\"><span class=\"bumpedFont15\"> investigar <\/span><\/span><span class=\"s4\"><span class=\"bumpedFont15\">com detalhamento e precis\u00e3o, <\/span><\/span><span class=\"s4\"><span class=\"bumpedFont15\">a sa\u00fade do<\/span><\/span><span class=\"s4\"><span class=\"bumpedFont15\">s compartimentos da pelve, incluindo ligamentos importantes,<\/span><\/span><span class=\"s4\"><span class=\"bumpedFont15\">\u00fatero e ov\u00e1rios da mulher<\/span><\/span><span class=\"s4\"><span class=\"bumpedFont15\">. De outro modo,<\/span><\/span><span class=\"s4\"><span class=\"bumpedFont15\"> visualizar trompa, bexiga e ureteres<\/span><\/span><span class=\"s4\"><span class=\"bumpedFont15\"> e por\u00e7\u00f5es do reto inferior, m\u00e9dio e superior. <\/span><\/span><span class=\"s4\"><span class=\"bumpedFont15\">Tamb\u00e9m<\/span><\/span> <span class=\"s4\"><span class=\"bumpedFont15\">visualiza<\/span><\/span><span class=\"s4\"><span class=\"bumpedFont15\"> estruturas <\/span><\/span><span class=\"s4\"><span class=\"bumpedFont15\">sutis<\/span><\/span><span class=\"s4\"><span class=\"bumpedFont15\"> como o perit\u00f4nio<\/span><\/span><span class=\"s4\"><span class=\"bumpedFont15\">,<\/span><\/span><span class=\"s4\"><span class=\"bumpedFont15\"> que recobre os \u00f3rg\u00e3os p\u00e9lvicos e abdominais. C<\/span><\/span><span class=\"s4\"><span class=\"bumpedFont15\">om exames complementares de imagem, \u00e9 poss\u00edvel se fazer um mapeamento p\u00e9lvico capaz de mostrar \u00e0 equipe m\u00e9dica a localiza\u00e7\u00e3o, tamanho e extens\u00e3o das les\u00f5es. <\/span><\/span><\/p>\n<p><span class=\"s3\"><span class=\"bumpedFont15\">Colo de \u00fatero<\/span><\/span><\/p>\n<p><span class=\"s4\"><span class=\"bumpedFont15\">A outra campanha nacional que tem as mulheres como foco \u00e9 o <\/span><\/span><span class=\"s4\"><span class=\"bumpedFont15\">Mar\u00e7o<\/span><\/span><span class=\"s4\"><span class=\"bumpedFont15\"> Lil\u00e1s, que alerta sobre o c\u00e2ncer de colo do \u00fatero. Este \u00e9 o terceiro tipo de c\u00e2ncer mais incidente entre as mulheres no pa\u00eds. <\/span><\/span><span class=\"s4\"><span class=\"bumpedFont15\">Para cada ano do tri\u00eanio 2023-2025<\/span><\/span><span class=\"s4\"><span class=\"bumpedFont15\">,<\/span><\/span><span class=\"s4\"><span class=\"bumpedFont15\"> foram estimados <\/span><\/span><span class=\"s4\"><span class=\"bumpedFont15\">17.010 casos<\/span><\/span><span class=\"s4\"><span class=\"bumpedFont15\"> novos, o que representa uma taxa bruta de incid\u00eancia de 15,38 casos a cada 100 mil mulheres, conforme estimativas do Instituto Nacional do C\u00e2ncer<\/span><\/span><span class=\"s4\"><span class=\"bumpedFont15\"> (Inca).<\/span><\/span><span class=\"s4\"><span class=\"bumpedFont15\"> \u00a0<\/span><\/span><span class=\"s4\"><span class=\"bumpedFont15\">\u201cS\u00e3o cen\u00e1rios preocupantes, mas, quanto mais cedo o diagn\u00f3stico, melhor ser\u00e1 o tratamento\u201d, afirma a<\/span><\/span><span class=\"s4\"><span class=\"bumpedFont15\"> m\u00e9dica radiologista<\/span><\/span><span class=\"s4\"><span class=\"bumpedFont15\">Viviane Medeiros. <\/span><\/span><span class=\"s4\"><span class=\"bumpedFont15\">Na regi\u00e3o Nordeste, a taxa do c\u00e2ncer de colo de \u00fatero \u00e9 ainda maior (fica em <\/span><\/span><span class=\"s4\"><span class=\"bumpedFont15\">17,59 casos a cada 100 mil, sendo o segundo mais incidente) e, em Pernambuco, a cada grupo de 100 mulheres, 12,14 s\u00e3o diagnosticadas com o c\u00e2ncer de colo de \u00fatero. <\/span><\/span><\/p>\n<p class=\"s2\">\n<p class=\"s2\"><span class=\"s4\"><span class=\"bumpedFont15\">Para diagnosticar o c\u00e2ncer de colo de \u00fatero, os exames mais utilizados s\u00e3o os<\/span><\/span><span class=\"s4\"><span class=\"bumpedFont15\"> a citologia onc\u00f3tica e colposcopia<\/span><\/span><span class=\"s4\"><span class=\"bumpedFont15\">.<\/span><\/span><span class=\"s4\"><span class=\"bumpedFont15\"> Para <\/span><\/span><span class=\"s4\"><span class=\"bumpedFont15\">se avaliar o grau de dissemina\u00e7\u00e3o do c\u00e2ncer via<\/span><\/span><span class=\"s4\"><span class=\"bumpedFont15\"> imagem<\/span><\/span><span class=\"s4\"><span class=\"bumpedFont15\">(tecnicamente chamado de estadiamento)<\/span><\/span><span class=\"s4\"><span class=\"bumpedFont15\">, a Resson\u00e2ncia Magn\u00e9tica (estadiamento local) e a tomografia computadorizada (estadiamento \u00e0 dist\u00e2ncia) s\u00e3o exames <\/span><\/span><span class=\"s4\"><span class=\"bumpedFont15\">essenciais no manejo.<\/span><\/span><\/p>\n","protected":false},"excerpt":{"rendered":"<p>Mar\u00e7o come\u00e7a vestido com cores para a conscientiza\u00e7\u00e3o, preven\u00e7\u00e3o, diagn\u00f3stico precoce e tratamento da endometriose e do c\u00e2ncer de colo&hellip;<\/p>\n","protected":false},"author":1,"featured_media":106254,"comment_status":"closed","ping_status":"open","sticky":false,"template":"","format":"standard","meta":{"footnotes":""},"categories":[14120],"tags":[29440,2,28801,29883,3406],"class_list":["post-105864","post","type-post","status-publish","format-standard","has-post-thumbnail","hentry","category-noticias","tag-blog-com-mais-visualizacao","tag-blog-do-edvaldo-magalhaes","tag-blog-mais-acessado","tag-campanha-amarelo-lilas-marca-luta-por-mais-cuidados-a-saude-da-mulher","tag-caruaru"],"_links":{"self":[{"href":"https:\/\/blogdoedvaldomagalhaes.com.br\/index.php\/wp-json\/wp\/v2\/posts\/105864","targetHints":{"allow":["GET"]}}],"collection":[{"href":"https:\/\/blogdoedvaldomagalhaes.com.br\/index.php\/wp-json\/wp\/v2\/posts"}],"about":[{"href":"https:\/\/blogdoedvaldomagalhaes.com.br\/index.php\/wp-json\/wp\/v2\/types\/post"}],"author":[{"embeddable":true,"href":"https:\/\/blogdoedvaldomagalhaes.com.br\/index.php\/wp-json\/wp\/v2\/users\/1"}],"replies":[{"embeddable":true,"href":"https:\/\/blogdoedvaldomagalhaes.com.br\/index.php\/wp-json\/wp\/v2\/comments?post=105864"}],"version-history":[{"count":1,"href":"https:\/\/blogdoedvaldomagalhaes.com.br\/index.php\/wp-json\/wp\/v2\/posts\/105864\/revisions"}],"predecessor-version":[{"id":105866,"href":"https:\/\/blogdoedvaldomagalhaes.com.br\/index.php\/wp-json\/wp\/v2\/posts\/105864\/revisions\/105866"}],"wp:featuredmedia":[{"embeddable":true,"href":"https:\/\/blogdoedvaldomagalhaes.com.br\/index.php\/wp-json\/wp\/v2\/media\/106254"}],"wp:attachment":[{"href":"https:\/\/blogdoedvaldomagalhaes.com.br\/index.php\/wp-json\/wp\/v2\/media?parent=105864"}],"wp:term":[{"taxonomy":"category","embeddable":true,"href":"https:\/\/blogdoedvaldomagalhaes.com.br\/index.php\/wp-json\/wp\/v2\/categories?post=105864"},{"taxonomy":"post_tag","embeddable":true,"href":"https:\/\/blogdoedvaldomagalhaes.com.br\/index.php\/wp-json\/wp\/v2\/tags?post=105864"}],"curies":[{"name":"wp","href":"https:\/\/api.w.org\/{rel}","templated":true}]}}