{"id":105861,"date":"2024-03-01T09:25:27","date_gmt":"2024-03-01T12:25:27","guid":{"rendered":"https:\/\/blogdoedvaldomagalhaes.com.br\/?p=105861"},"modified":"2024-03-01T09:25:28","modified_gmt":"2024-03-01T12:25:28","slug":"uniao-beneficente-celebra-centenario-com-lancamento-de-livro-de-autores-caruaruenses","status":"publish","type":"post","link":"https:\/\/blogdoedvaldomagalhaes.com.br\/index.php\/2024\/03\/01\/uniao-beneficente-celebra-centenario-com-lancamento-de-livro-de-autores-caruaruenses\/","title":{"rendered":"Uni\u00e3o Beneficente celebra centen\u00e1rio com lan\u00e7amento de livro de autores caruaruenses"},"content":{"rendered":"<p>A Uni\u00e3o Beneficente dos Artistas e Profissionais de Caruaru (UBAPC) tem a honra de convidar a comunidade para o lan\u00e7amento do livro &#8220;Antologia Po\u00e9tica: UNI VERSOS do Pa\u00eds de Caruaru&#8221;, organizado por Manoel Vitor e publicado pelo selo Alumi\u00e1 da editora Arrelique. O evento ser\u00e1 realizado nesta sexta-feira, 1\u00b0 de mar\u00e7o , \u00e0s 19h, na sede da UBAPC, situada na Rua 13 de Maio, 82, Nossa Senhora das Dores, Caruaru\/PE.<\/p>\n<p>A noite, que faz parte das comemora\u00e7\u00f5es do centen\u00e1rio da institui\u00e7\u00e3o, promete ser uma celebra\u00e7\u00e3o da cultura local, com roda de conversa, leitura de poemas e uma sess\u00e3o de aut\u00f3grafos com os autores e autoras presentes. Destacamos ainda a participa\u00e7\u00e3o especial do escritor Manoel Vitor, vice-diretor da Uni\u00e3o Beneficente, que enriquecer\u00e1 a ocasi\u00e3o com contribui\u00e7\u00f5es \u00e0 roda de conversa.<\/p>\n<p>A UBAPC, que ao longo de um s\u00e9culo tem sido um ponto central para as manifesta\u00e7\u00f5es culturais na regi\u00e3o, continua a sua tradi\u00e7\u00e3o de envolvimento com a comunidade, estendendo as festividades de anivers\u00e1rio at\u00e9 maio de 2024. O lan\u00e7amento \u00e9 mais uma express\u00e3o de seu comprometimento com a promo\u00e7\u00e3o da arte e da literatura em Caruaru e reitera a dedica\u00e7\u00e3o em sediar eventos que enriquecem a vida cultural da comunidade.<\/p>\n<p>Detalhes do Evento:<\/p>\n<p>Data: 1\u00b0 de mar\u00e7o de 2024, \u00e0s 19h<br \/>\nLocal: Uni\u00e3o Beneficente dos Artistas e Profissionais de Caruaru (UBAPC)<br \/>\nEndere\u00e7o: Rua 13 de Maio, 82, Nossa Senhora das Dores, Caruaru\/PE<\/p>\n<p>A UBAPC agradece antecipadamente por seu apoio cont\u00ednuo \u00e0 promo\u00e7\u00e3o da arte e da cultura. Foto: Divulga\u00e7\u00e3o<\/p>\n<p>Seja seguidor do Instagram do Blog @blogdoedvaldomagalhaes<\/p>\n","protected":false},"excerpt":{"rendered":"<p>A Uni\u00e3o Beneficente dos Artistas e Profissionais de Caruaru (UBAPC) tem a honra de convidar a comunidade para o lan\u00e7amento&hellip;<\/p>\n","protected":false},"author":1,"featured_media":105862,"comment_status":"closed","ping_status":"open","sticky":false,"template":"","format":"standard","meta":{"footnotes":""},"categories":[14120],"tags":[29440,2,28801,3406,29882],"class_list":["post-105861","post","type-post","status-publish","format-standard","has-post-thumbnail","hentry","category-noticias","tag-blog-com-mais-visualizacao","tag-blog-do-edvaldo-magalhaes","tag-blog-mais-acessado","tag-caruaru","tag-uniao-beneficente-celebra-centenario-com-lancamento-de-livro-de-autores-caruaruenses"],"_links":{"self":[{"href":"https:\/\/blogdoedvaldomagalhaes.com.br\/index.php\/wp-json\/wp\/v2\/posts\/105861","targetHints":{"allow":["GET"]}}],"collection":[{"href":"https:\/\/blogdoedvaldomagalhaes.com.br\/index.php\/wp-json\/wp\/v2\/posts"}],"about":[{"href":"https:\/\/blogdoedvaldomagalhaes.com.br\/index.php\/wp-json\/wp\/v2\/types\/post"}],"author":[{"embeddable":true,"href":"https:\/\/blogdoedvaldomagalhaes.com.br\/index.php\/wp-json\/wp\/v2\/users\/1"}],"replies":[{"embeddable":true,"href":"https:\/\/blogdoedvaldomagalhaes.com.br\/index.php\/wp-json\/wp\/v2\/comments?post=105861"}],"version-history":[{"count":1,"href":"https:\/\/blogdoedvaldomagalhaes.com.br\/index.php\/wp-json\/wp\/v2\/posts\/105861\/revisions"}],"predecessor-version":[{"id":105863,"href":"https:\/\/blogdoedvaldomagalhaes.com.br\/index.php\/wp-json\/wp\/v2\/posts\/105861\/revisions\/105863"}],"wp:featuredmedia":[{"embeddable":true,"href":"https:\/\/blogdoedvaldomagalhaes.com.br\/index.php\/wp-json\/wp\/v2\/media\/105862"}],"wp:attachment":[{"href":"https:\/\/blogdoedvaldomagalhaes.com.br\/index.php\/wp-json\/wp\/v2\/media?parent=105861"}],"wp:term":[{"taxonomy":"category","embeddable":true,"href":"https:\/\/blogdoedvaldomagalhaes.com.br\/index.php\/wp-json\/wp\/v2\/categories?post=105861"},{"taxonomy":"post_tag","embeddable":true,"href":"https:\/\/blogdoedvaldomagalhaes.com.br\/index.php\/wp-json\/wp\/v2\/tags?post=105861"}],"curies":[{"name":"wp","href":"https:\/\/api.w.org\/{rel}","templated":true}]}}