{"id":105725,"date":"2024-02-24T11:02:08","date_gmt":"2024-02-24T14:02:08","guid":{"rendered":"https:\/\/blogdoedvaldomagalhaes.com.br\/?p=105725"},"modified":"2024-02-24T11:02:09","modified_gmt":"2024-02-24T14:02:09","slug":"secretaria-de-educacao-de-caruaru-divulga-mais-uma-lista-de-criancas-contempladas-para-creches","status":"publish","type":"post","link":"https:\/\/blogdoedvaldomagalhaes.com.br\/index.php\/2024\/02\/24\/secretaria-de-educacao-de-caruaru-divulga-mais-uma-lista-de-criancas-contempladas-para-creches\/","title":{"rendered":"Secretaria de Educa\u00e7\u00e3o de Caruaru divulga mais uma lista de crian\u00e7as contempladas para creches"},"content":{"rendered":"<p>Publicada na edi\u00e7\u00e3o dessa sexta-feira (23), do Di\u00e1rio Oficial de Caruaru, a lista das crian\u00e7as contempladas pela Central de Atendimento de Vagas de Creche (CAVC) para frequentarem os Centros Municipais de Educa\u00e7\u00e3o Infantil (CMEI\u2019s). Esta \u00e9 a 3\u00aa lista de 2024 e, desta vez, foram contempladas 382 crian\u00e7as.<\/p>\n<p>Ela \u00e9 publicada no Di\u00e1rio Oficial do munic\u00edpio respeitando as exig\u00eancias acordadas com o Minist\u00e9rio P\u00fablico de Pernambuco.<\/p>\n<p>As crian\u00e7as contempladas est\u00e3o identificadas no Di\u00e1rio Oficial por nome e CPF. Os respons\u00e1veis dever\u00e3o comparecer ao Centro Municipal de Educa\u00e7\u00e3o Infantil, onde a crian\u00e7a foi contemplada, no per\u00edodo de 26 de fevereiro at\u00e9 7 de mar\u00e7o, das 7h30 \u00e0s 15h30.<\/p>\n<p>Veja abaixo, os documentos necess\u00e1rios:<\/p>\n<p>Estudante (c\u00f3pia);<\/p>\n<p>Certid\u00e3o de nascimento ou RG;<\/p>\n<p>CPF;<\/p>\n<p>Cart\u00e3o do SUS;<\/p>\n<p>Cart\u00e3o de vacina\u00e7\u00e3o da crian\u00e7a atualizado;<\/p>\n<p>Comprovante de tipagem sangu\u00ednea &#8211; Fator RH<\/p>\n<p>Cart\u00e3o do Bolsa Fam\u00edlia (caso seja benefici\u00e1rio);<\/p>\n<p>2 Fotos 3\u00d74;<\/p>\n<p>Laudo m\u00e9dico para estudantes com Defici\u00eancia, Transtornos Globais do Desenvolvimento e Altas Habilidades ou Superdota\u00e7\u00e3o.<\/p>\n<p>Pais ou respons\u00e1veis (c\u00f3pia):<\/p>\n<p>RG;<\/p>\n<p>CPF;<\/p>\n<p>Comprovante de resid\u00eancia com CEP.<\/p>\n<p>Para conferir o Di\u00e1rio Oficial basta acessar o link: http:\/\/diario-oficial.caruaru.pe.gov.br\/<\/p>\n<p>Seja seguidor do Instagram do Blog @blogdoedvaldomagalhaes<\/p>\n<p>Foto: Divulga\u00e7\u00e3o\/Secom<\/p>\n","protected":false},"excerpt":{"rendered":"<p>Publicada na edi\u00e7\u00e3o dessa sexta-feira (23), do Di\u00e1rio Oficial de Caruaru, a lista das crian\u00e7as contempladas pela Central de Atendimento&hellip;<\/p>\n","protected":false},"author":1,"featured_media":105726,"comment_status":"closed","ping_status":"open","sticky":false,"template":"","format":"standard","meta":{"footnotes":""},"categories":[14120],"tags":[29440,2,28801,3406,29848],"class_list":["post-105725","post","type-post","status-publish","format-standard","has-post-thumbnail","hentry","category-noticias","tag-blog-com-mais-visualizacao","tag-blog-do-edvaldo-magalhaes","tag-blog-mais-acessado","tag-caruaru","tag-secretaria-de-educacao-de-caruaru-divulga-mais-uma-lista-de-criancas-contempladas-para-creches"],"_links":{"self":[{"href":"https:\/\/blogdoedvaldomagalhaes.com.br\/index.php\/wp-json\/wp\/v2\/posts\/105725","targetHints":{"allow":["GET"]}}],"collection":[{"href":"https:\/\/blogdoedvaldomagalhaes.com.br\/index.php\/wp-json\/wp\/v2\/posts"}],"about":[{"href":"https:\/\/blogdoedvaldomagalhaes.com.br\/index.php\/wp-json\/wp\/v2\/types\/post"}],"author":[{"embeddable":true,"href":"https:\/\/blogdoedvaldomagalhaes.com.br\/index.php\/wp-json\/wp\/v2\/users\/1"}],"replies":[{"embeddable":true,"href":"https:\/\/blogdoedvaldomagalhaes.com.br\/index.php\/wp-json\/wp\/v2\/comments?post=105725"}],"version-history":[{"count":1,"href":"https:\/\/blogdoedvaldomagalhaes.com.br\/index.php\/wp-json\/wp\/v2\/posts\/105725\/revisions"}],"predecessor-version":[{"id":105727,"href":"https:\/\/blogdoedvaldomagalhaes.com.br\/index.php\/wp-json\/wp\/v2\/posts\/105725\/revisions\/105727"}],"wp:featuredmedia":[{"embeddable":true,"href":"https:\/\/blogdoedvaldomagalhaes.com.br\/index.php\/wp-json\/wp\/v2\/media\/105726"}],"wp:attachment":[{"href":"https:\/\/blogdoedvaldomagalhaes.com.br\/index.php\/wp-json\/wp\/v2\/media?parent=105725"}],"wp:term":[{"taxonomy":"category","embeddable":true,"href":"https:\/\/blogdoedvaldomagalhaes.com.br\/index.php\/wp-json\/wp\/v2\/categories?post=105725"},{"taxonomy":"post_tag","embeddable":true,"href":"https:\/\/blogdoedvaldomagalhaes.com.br\/index.php\/wp-json\/wp\/v2\/tags?post=105725"}],"curies":[{"name":"wp","href":"https:\/\/api.w.org\/{rel}","templated":true}]}}