{"id":1057,"date":"2018-10-07T19:27:00","date_gmt":"2018-10-07T22:27:00","guid":{"rendered":"http:\/\/blogdoedvaldomagalhaes.com.br\/index.php\/2018\/10\/07\/vereador-e-preso-suspeito-de-fazer-boca\/"},"modified":"2019-02-09T02:34:25","modified_gmt":"2019-02-09T04:34:25","slug":"vereador-e-preso-suspeito-de-fazer-boca","status":"publish","type":"post","link":"https:\/\/blogdoedvaldomagalhaes.com.br\/index.php\/2018\/10\/07\/vereador-e-preso-suspeito-de-fazer-boca\/","title":{"rendered":"Vereador \u00e9 preso suspeito de fazer boca de urna em Caruaru"},"content":{"rendered":"<div class=\"separator\" style=\"clear: both; text-align: center;\">\n<a href=\"https:\/\/2.bp.blogspot.com\/-ziHMuPzmeuY\/W7pdeMWER4I\/AAAAAAAA7bc\/s_noskDjicYn-GNWUh1PieP4-umu8mxUwCLcBGAs\/s1600\/boca.jpeg\" imageanchor=\"1\" style=\"margin-left: 1em; margin-right: 1em;\"><img loading=\"lazy\" decoding=\"async\" border=\"0\" data-original-height=\"263\" data-original-width=\"543\" height=\"308\" src=\"http:\/\/blogdoedvaldomagalhaes.com.br\/wp-content\/uploads\/2018\/10\/boca.jpeg\" width=\"640\" \/><\/a><\/div>\n<p><\/p>\n<div style=\"background-color: white; border: 0px; margin-bottom: 1.5em; outline: 0px; padding: 0px; text-align: justify; vertical-align: baseline;\">\nO juiz eleitoral Marupiraja Ramos Ribas, comunicou que o vereador Cec\u00edlio Pedro, foi preso na tarde deste domingo (7),em Caruaru.&nbsp;<\/p>\n<p><\/p>\n<div class=\"separator\" style=\"clear: both; text-align: center;\">\n<a href=\"https:\/\/3.bp.blogspot.com\/-uytV8GBle-A\/W7phS5yEFgI\/AAAAAAAA7bo\/UKOEG6Kr9VAfHCO7_fQEQiaucpwUg2hawCLcBGAs\/s1600\/IMG-20181007-WA0205.jpg\" imageanchor=\"1\" style=\"margin-left: 1em; margin-right: 1em;\"><img loading=\"lazy\" decoding=\"async\" border=\"0\" data-original-height=\"225\" data-original-width=\"161\" height=\"640\" src=\"http:\/\/blogdoedvaldomagalhaes.com.br\/wp-content\/uploads\/2018\/10\/IMG-20181007-WA0205.jpg\" width=\"457\" \/><\/a><\/div>\n<p>\nDe acordo com&nbsp; informa\u00e7\u00f5es do magistrado, o parlamentar e um grupo de pessoas estavam fazendo boca de urna pr\u00f3ximo a Asces-Unita, avenida Portugal, no bairro Universit\u00e1rio, quando houve a den\u00fancia por um advogado que atuava como fiscal de uma coliga\u00e7\u00e3o.&nbsp;<\/p>\n<div class=\"separator\" style=\"clear: both; text-align: center;\">\n<a href=\"https:\/\/3.bp.blogspot.com\/-pbBss6LvYpU\/W7rXkeHoq4I\/AAAAAAAA7dw\/v-lSJ6ohZlwlKePMQ6nl6rZMs-bu89HMgCLcBGAs\/s1600\/ver.jpg\" imageanchor=\"1\" style=\"margin-left: 1em; margin-right: 1em;\"><img loading=\"lazy\" decoding=\"async\" border=\"0\" data-original-height=\"440\" data-original-width=\"720\" height=\"390\" src=\"http:\/\/blogdoedvaldomagalhaes.com.br\/wp-content\/uploads\/2018\/10\/ver.jpg\" width=\"640\" \/><\/a><\/div>\n<p>\nA vereador e outros suspeitos foram encaminhados para a Delegacia da Pol\u00edcia Federal, devendo passar por audi\u00eancia de cust\u00f3dia.<\/p>\n<p><\/p>\n<div class=\"separator\" style=\"clear: both; text-align: center;\">\n<a href=\"https:\/\/1.bp.blogspot.com\/-yFAzBwITB4A\/W7pjkuYvOFI\/AAAAAAAA7b0\/s0U7TFzq2ewJszoacImhBhmi8CxDH7FYgCLcBGAs\/s1600\/IMG-20181007-WA0208.jpg\" imageanchor=\"1\" style=\"margin-left: 1em; margin-right: 1em;\"><img loading=\"lazy\" decoding=\"async\" border=\"0\" data-original-height=\"853\" data-original-width=\"1280\" height=\"426\" src=\"http:\/\/blogdoedvaldomagalhaes.com.br\/wp-content\/uploads\/2018\/10\/IMG-20181007-WA0208.jpg\" width=\"640\" \/><\/a><\/div>\n<p>\nA defesa do parlamentar informou que o vereador disse que estava com o material pol\u00edtico no bolso da cal\u00e7a e que n\u00e3o teria entregado nada a nenhum eleitor que estava no local.<\/p>\n<div class=\"separator\" style=\"clear: both; text-align: center;\">\n<a href=\"https:\/\/1.bp.blogspot.com\/-M_KuP-_2OYg\/W7pjl1NAWkI\/AAAAAAAA7b4\/3pHigeNK3zonMn3uVgJk-XPv2_UthtFmQCLcBGAs\/s1600\/IMG-20181007-WA0207.jpg\" imageanchor=\"1\" style=\"margin-left: 1em; margin-right: 1em;\"><img loading=\"lazy\" decoding=\"async\" border=\"0\" data-original-height=\"853\" data-original-width=\"1280\" height=\"426\" src=\"http:\/\/blogdoedvaldomagalhaes.com.br\/wp-content\/uploads\/2018\/10\/IMG-20181007-WA0207.jpg\" width=\"640\" \/><\/a><\/div>\n<p>\nFotos: Dayvson Robert<\/div>\n","protected":false},"excerpt":{"rendered":"<p>O juiz eleitoral Marupiraja Ramos Ribas, comunicou que o vereador Cec\u00edlio Pedro, foi preso na tarde deste domingo (7),em Caruaru.&nbsp;&hellip;<\/p>\n","protected":false},"author":1,"featured_media":0,"comment_status":"open","ping_status":"open","sticky":false,"template":"","format":"standard","meta":{"footnotes":""},"categories":[1],"tags":[2,905,1001],"class_list":["post-1057","post","type-post","status-publish","format-standard","hentry","category-sem-categoria","tag-blog-do-edvaldo-magalhaes","tag-policia","tag-vereador-e-preso-suspeito-de-fazer-boca-de-urna-em-caruaru"],"_links":{"self":[{"href":"https:\/\/blogdoedvaldomagalhaes.com.br\/index.php\/wp-json\/wp\/v2\/posts\/1057","targetHints":{"allow":["GET"]}}],"collection":[{"href":"https:\/\/blogdoedvaldomagalhaes.com.br\/index.php\/wp-json\/wp\/v2\/posts"}],"about":[{"href":"https:\/\/blogdoedvaldomagalhaes.com.br\/index.php\/wp-json\/wp\/v2\/types\/post"}],"author":[{"embeddable":true,"href":"https:\/\/blogdoedvaldomagalhaes.com.br\/index.php\/wp-json\/wp\/v2\/users\/1"}],"replies":[{"embeddable":true,"href":"https:\/\/blogdoedvaldomagalhaes.com.br\/index.php\/wp-json\/wp\/v2\/comments?post=1057"}],"version-history":[{"count":1,"href":"https:\/\/blogdoedvaldomagalhaes.com.br\/index.php\/wp-json\/wp\/v2\/posts\/1057\/revisions"}],"predecessor-version":[{"id":34778,"href":"https:\/\/blogdoedvaldomagalhaes.com.br\/index.php\/wp-json\/wp\/v2\/posts\/1057\/revisions\/34778"}],"wp:attachment":[{"href":"https:\/\/blogdoedvaldomagalhaes.com.br\/index.php\/wp-json\/wp\/v2\/media?parent=1057"}],"wp:term":[{"taxonomy":"category","embeddable":true,"href":"https:\/\/blogdoedvaldomagalhaes.com.br\/index.php\/wp-json\/wp\/v2\/categories?post=1057"},{"taxonomy":"post_tag","embeddable":true,"href":"https:\/\/blogdoedvaldomagalhaes.com.br\/index.php\/wp-json\/wp\/v2\/tags?post=1057"}],"curies":[{"name":"wp","href":"https:\/\/api.w.org\/{rel}","templated":true}]}}