{"id":105673,"date":"2024-02-22T12:46:49","date_gmt":"2024-02-22T15:46:49","guid":{"rendered":"https:\/\/blogdoedvaldomagalhaes.com.br\/?p=105673"},"modified":"2024-02-22T12:46:50","modified_gmt":"2024-02-22T15:46:50","slug":"pm-apreende-mais-de-31kg-de-maconha","status":"publish","type":"post","link":"https:\/\/blogdoedvaldomagalhaes.com.br\/index.php\/2024\/02\/22\/pm-apreende-mais-de-31kg-de-maconha\/","title":{"rendered":"PM apreende mais de 31kg de maconha"},"content":{"rendered":"<p>Policiais militares da 1\u00aa CIPM apreenderam, nesta quinta-feira (22\/02), 31,125kg de maconha pronta para consumo, na PE-390, no Alto da Ermida,  em Floresta, no Sert\u00e3o pernambucano. <\/p>\n<p>O efetivo abordou um carro enquanto abastecia em um posto de combust\u00edveis, na sa\u00edda da cidade, quando encontraram 32 inv\u00f3lucros do entorpecente, pesando aproximadamente 1kg cada um.<\/p>\n<p>Diante disso, foi dada voz de pris\u00e3o para o condutor, que foi apresentado, juntamente com todo o material apreendido, na Delegacia de Pol\u00edcia Civil da cidade, para ado\u00e7\u00e3o das medidas cab\u00edveis. Foto: Divulga\u00e7\u00e3o\/PMPE<\/p>\n<p>Seja seguidor do Instagram do Blog @blogdoedvaldagalhaes<\/p>\n","protected":false},"excerpt":{"rendered":"<p>Policiais militares da 1\u00aa CIPM apreenderam, nesta quinta-feira (22\/02), 31,125kg de maconha pronta para consumo, na PE-390, no Alto da&hellip;<\/p>\n","protected":false},"author":1,"featured_media":105674,"comment_status":"closed","ping_status":"open","sticky":false,"template":"","format":"standard","meta":{"footnotes":""},"categories":[14121],"tags":[29440,2,28801,3406,29833],"class_list":["post-105673","post","type-post","status-publish","format-standard","has-post-thumbnail","hentry","category-policial","tag-blog-com-mais-visualizacao","tag-blog-do-edvaldo-magalhaes","tag-blog-mais-acessado","tag-caruaru","tag-pm-apreende-mais-de-31kg-de-maconha"],"_links":{"self":[{"href":"https:\/\/blogdoedvaldomagalhaes.com.br\/index.php\/wp-json\/wp\/v2\/posts\/105673","targetHints":{"allow":["GET"]}}],"collection":[{"href":"https:\/\/blogdoedvaldomagalhaes.com.br\/index.php\/wp-json\/wp\/v2\/posts"}],"about":[{"href":"https:\/\/blogdoedvaldomagalhaes.com.br\/index.php\/wp-json\/wp\/v2\/types\/post"}],"author":[{"embeddable":true,"href":"https:\/\/blogdoedvaldomagalhaes.com.br\/index.php\/wp-json\/wp\/v2\/users\/1"}],"replies":[{"embeddable":true,"href":"https:\/\/blogdoedvaldomagalhaes.com.br\/index.php\/wp-json\/wp\/v2\/comments?post=105673"}],"version-history":[{"count":1,"href":"https:\/\/blogdoedvaldomagalhaes.com.br\/index.php\/wp-json\/wp\/v2\/posts\/105673\/revisions"}],"predecessor-version":[{"id":105675,"href":"https:\/\/blogdoedvaldomagalhaes.com.br\/index.php\/wp-json\/wp\/v2\/posts\/105673\/revisions\/105675"}],"wp:featuredmedia":[{"embeddable":true,"href":"https:\/\/blogdoedvaldomagalhaes.com.br\/index.php\/wp-json\/wp\/v2\/media\/105674"}],"wp:attachment":[{"href":"https:\/\/blogdoedvaldomagalhaes.com.br\/index.php\/wp-json\/wp\/v2\/media?parent=105673"}],"wp:term":[{"taxonomy":"category","embeddable":true,"href":"https:\/\/blogdoedvaldomagalhaes.com.br\/index.php\/wp-json\/wp\/v2\/categories?post=105673"},{"taxonomy":"post_tag","embeddable":true,"href":"https:\/\/blogdoedvaldomagalhaes.com.br\/index.php\/wp-json\/wp\/v2\/tags?post=105673"}],"curies":[{"name":"wp","href":"https:\/\/api.w.org\/{rel}","templated":true}]}}