{"id":105668,"date":"2024-02-22T08:48:35","date_gmt":"2024-02-22T11:48:35","guid":{"rendered":"https:\/\/blogdoedvaldomagalhaes.com.br\/?p=105668"},"modified":"2024-02-22T09:05:07","modified_gmt":"2024-02-22T12:05:07","slug":"operacao-fraus-prende-estelionatario-e-traficante-acusado-de-roubo-em-caruaru","status":"publish","type":"post","link":"https:\/\/blogdoedvaldomagalhaes.com.br\/index.php\/2024\/02\/22\/operacao-fraus-prende-estelionatario-e-traficante-acusado-de-roubo-em-caruaru\/","title":{"rendered":"Opera\u00e7\u00e3o \u201cFRAUS\u201d prende estelionat\u00e1rio e traficante acusado de roubo, em Caruaru"},"content":{"rendered":"<p>A POL\u00cdCIA CIVIL DE PERNAMBUCO desencadeou, na manh\u00e3 desta quinta-feira, 22\/02\/2024, a Opera\u00e7\u00e3o de Interven\u00e7\u00e3o T\u00e1tica, denominada &#8220;FRAUS&#8221;, vinculada \u00e0 14\u00aa DESEC Diretoria Integrada do Interior I \u2013 DINTER I, sob a presid\u00eancia do Delegado M\u00e1rcio Cruz, Titular da Delegacia de Pol\u00edcia da 88\u00aa Circunscri\u00e7\u00e3o \u2013 Caruaru, unidade integrante da 14\u00aa Delegacia Seccional \u2013 14\u00aa DESEC-Caruaru.<\/p>\n<p>A investiga\u00e7\u00e3o foi iniciada em Janeiro de 2024, com o objetivo de identificar e desarticular Associa\u00e7\u00e3o Criminosa, na cidade de Caruaru, voltada \u00e0 pr\u00e1tica de Estelionato e crimes financeiros, al\u00e9m do tr\u00e1fico de entorpecentes. Houve tamb\u00e9m cumprimento de mandado de pris\u00e3o pela pr\u00e1tica de Roubo, e bloqueio de ativos financeiros.<\/p>\n<p>Foram expedidos 02 (dois) Mandados de Pris\u00e3o e 05 (cinco) Mandados de Busca e Apreens\u00e3o Domiciliar, dos quais foram cumpridos 01 (um) mandado de pris\u00e3o (nome n\u00e3o divulgado), e 05 (cinco) Buscas domiciliares. Na execu\u00e7\u00e3o, foram empregados 30 (trinta) Policiais Civis, entre Delegados, Agentes e Escriv\u00e3es.<br \/>\nOs detalhes da referida opera\u00e7\u00e3o ser\u00e3o divulgados pela Assessoria de Comunica\u00e7\u00e3o da Pol\u00edcia Civil, em momento oportuno. Foto: Divulga\u00e7\u00e3o\/PC<\/p>\n<p>Seja seguidor do Instagram do Blog @blogdoedvaldomagalhaes<\/p>\n","protected":false},"excerpt":{"rendered":"<p>A POL\u00cdCIA CIVIL DE PERNAMBUCO desencadeou, na manh\u00e3 desta quinta-feira, 22\/02\/2024, a Opera\u00e7\u00e3o de Interven\u00e7\u00e3o T\u00e1tica, denominada &#8220;FRAUS&#8221;, vinculada \u00e0&hellip;<\/p>\n","protected":false},"author":1,"featured_media":105669,"comment_status":"closed","ping_status":"open","sticky":false,"template":"","format":"standard","meta":{"footnotes":""},"categories":[14121],"tags":[29440,2,28801,3406,29832],"class_list":["post-105668","post","type-post","status-publish","format-standard","has-post-thumbnail","hentry","category-policial","tag-blog-com-mais-visualizacao","tag-blog-do-edvaldo-magalhaes","tag-blog-mais-acessado","tag-caruaru","tag-operacao-fraus-prende-estelionatario-e-traficante-acusado-de-roubo-em-caruaru"],"_links":{"self":[{"href":"https:\/\/blogdoedvaldomagalhaes.com.br\/index.php\/wp-json\/wp\/v2\/posts\/105668","targetHints":{"allow":["GET"]}}],"collection":[{"href":"https:\/\/blogdoedvaldomagalhaes.com.br\/index.php\/wp-json\/wp\/v2\/posts"}],"about":[{"href":"https:\/\/blogdoedvaldomagalhaes.com.br\/index.php\/wp-json\/wp\/v2\/types\/post"}],"author":[{"embeddable":true,"href":"https:\/\/blogdoedvaldomagalhaes.com.br\/index.php\/wp-json\/wp\/v2\/users\/1"}],"replies":[{"embeddable":true,"href":"https:\/\/blogdoedvaldomagalhaes.com.br\/index.php\/wp-json\/wp\/v2\/comments?post=105668"}],"version-history":[{"count":2,"href":"https:\/\/blogdoedvaldomagalhaes.com.br\/index.php\/wp-json\/wp\/v2\/posts\/105668\/revisions"}],"predecessor-version":[{"id":105671,"href":"https:\/\/blogdoedvaldomagalhaes.com.br\/index.php\/wp-json\/wp\/v2\/posts\/105668\/revisions\/105671"}],"wp:featuredmedia":[{"embeddable":true,"href":"https:\/\/blogdoedvaldomagalhaes.com.br\/index.php\/wp-json\/wp\/v2\/media\/105669"}],"wp:attachment":[{"href":"https:\/\/blogdoedvaldomagalhaes.com.br\/index.php\/wp-json\/wp\/v2\/media?parent=105668"}],"wp:term":[{"taxonomy":"category","embeddable":true,"href":"https:\/\/blogdoedvaldomagalhaes.com.br\/index.php\/wp-json\/wp\/v2\/categories?post=105668"},{"taxonomy":"post_tag","embeddable":true,"href":"https:\/\/blogdoedvaldomagalhaes.com.br\/index.php\/wp-json\/wp\/v2\/tags?post=105668"}],"curies":[{"name":"wp","href":"https:\/\/api.w.org\/{rel}","templated":true}]}}