{"id":105665,"date":"2024-02-22T08:22:00","date_gmt":"2024-02-22T11:22:00","guid":{"rendered":"https:\/\/blogdoedvaldomagalhaes.com.br\/?p=105665"},"modified":"2024-02-22T08:22:01","modified_gmt":"2024-02-22T11:22:01","slug":"governadora-raquel-lyra-finaliza-agenda-em-brasilia-nesta-quarta-feira-em-reuniao-com-o-ministro-rui-costa-para-acoes-de-desenvolvimento-de-pernambuco","status":"publish","type":"post","link":"https:\/\/blogdoedvaldomagalhaes.com.br\/index.php\/2024\/02\/22\/governadora-raquel-lyra-finaliza-agenda-em-brasilia-nesta-quarta-feira-em-reuniao-com-o-ministro-rui-costa-para-acoes-de-desenvolvimento-de-pernambuco\/","title":{"rendered":"Governadora Raquel Lyra finaliza agenda em Bras\u00edlia nesta quarta-feira em reuni\u00e3o com o ministro Rui Costa para a\u00e7\u00f5es de desenvolvimento de Pernambuco"},"content":{"rendered":"<p>Em mais uma agenda realizada em Bras\u00edlia nesta quarta-feira (21), a governadora Raquel Lyra encerrou os trabalhos do dia em uma reuni\u00e3o com o ministro da Casa Civil, Rui Costa, para debater a\u00e7\u00f5es estrat\u00e9gicas ao desenvolvimento de Pernambuco. Durante o encontro, que aconteceu no Pal\u00e1cio do Planalto, os gestores conversaram sobre iniciativas que, em parceria com o governo federal, podem garantir melhorias na vida da popula\u00e7\u00e3o pernambucana.<\/p>\n<p>&#8220;Tivemos uma importante reuni\u00e3o com o ministro Rui Costa. Conversamos sobre projetos priorit\u00e1rios para Pernambuco. A constru\u00e7\u00e3o de alternativas para que a gente possa dar seguimento a esses projetos passa pelo di\u00e1logo com o governo federal, que tem sido um grande parceiro do nosso Estado&#8221;, ressaltou a governadora Raquel Lyra.<\/p>\n<p>O secret\u00e1rio da Casa Civil de Pernambuco, T\u00falio Vila\u00e7a, tamb\u00e9m participou da reuni\u00e3o.<br \/>\nFoto: Divulga\u00e7\u00e3o<\/p>\n<p>Seja seguidor do Instagram do Blog @blogdoedvaldomagalhaes<\/p>\n","protected":false},"excerpt":{"rendered":"<p>Em mais uma agenda realizada em Bras\u00edlia nesta quarta-feira (21), a governadora Raquel Lyra encerrou os trabalhos do dia em&hellip;<\/p>\n","protected":false},"author":1,"featured_media":105666,"comment_status":"closed","ping_status":"open","sticky":false,"template":"","format":"standard","meta":{"footnotes":""},"categories":[14122],"tags":[29440,2,28801,3406,29831,20],"class_list":["post-105665","post","type-post","status-publish","format-standard","has-post-thumbnail","hentry","category-politica","tag-blog-com-mais-visualizacao","tag-blog-do-edvaldo-magalhaes","tag-blog-mais-acessado","tag-caruaru","tag-governadora-raquel-lyra-finaliza-agenda-em-brasilia-nesta-quarta-feira-em-reuniao-com-o-ministro-rui-costa-para-acoes-de-desenvolvimento-de-pernambuco","tag-politica"],"_links":{"self":[{"href":"https:\/\/blogdoedvaldomagalhaes.com.br\/index.php\/wp-json\/wp\/v2\/posts\/105665","targetHints":{"allow":["GET"]}}],"collection":[{"href":"https:\/\/blogdoedvaldomagalhaes.com.br\/index.php\/wp-json\/wp\/v2\/posts"}],"about":[{"href":"https:\/\/blogdoedvaldomagalhaes.com.br\/index.php\/wp-json\/wp\/v2\/types\/post"}],"author":[{"embeddable":true,"href":"https:\/\/blogdoedvaldomagalhaes.com.br\/index.php\/wp-json\/wp\/v2\/users\/1"}],"replies":[{"embeddable":true,"href":"https:\/\/blogdoedvaldomagalhaes.com.br\/index.php\/wp-json\/wp\/v2\/comments?post=105665"}],"version-history":[{"count":1,"href":"https:\/\/blogdoedvaldomagalhaes.com.br\/index.php\/wp-json\/wp\/v2\/posts\/105665\/revisions"}],"predecessor-version":[{"id":105667,"href":"https:\/\/blogdoedvaldomagalhaes.com.br\/index.php\/wp-json\/wp\/v2\/posts\/105665\/revisions\/105667"}],"wp:featuredmedia":[{"embeddable":true,"href":"https:\/\/blogdoedvaldomagalhaes.com.br\/index.php\/wp-json\/wp\/v2\/media\/105666"}],"wp:attachment":[{"href":"https:\/\/blogdoedvaldomagalhaes.com.br\/index.php\/wp-json\/wp\/v2\/media?parent=105665"}],"wp:term":[{"taxonomy":"category","embeddable":true,"href":"https:\/\/blogdoedvaldomagalhaes.com.br\/index.php\/wp-json\/wp\/v2\/categories?post=105665"},{"taxonomy":"post_tag","embeddable":true,"href":"https:\/\/blogdoedvaldomagalhaes.com.br\/index.php\/wp-json\/wp\/v2\/tags?post=105665"}],"curies":[{"name":"wp","href":"https:\/\/api.w.org\/{rel}","templated":true}]}}