{"id":105662,"date":"2024-02-21T22:50:04","date_gmt":"2024-02-22T01:50:04","guid":{"rendered":"https:\/\/blogdoedvaldomagalhaes.com.br\/?p=105662"},"modified":"2024-02-21T22:50:05","modified_gmt":"2024-02-22T01:50:05","slug":"em-brasilia-governadora-raquel-lyra-discute-acoes-conjuntas-com-representantes-da-construcao-nacional-do-hip-hop","status":"publish","type":"post","link":"https:\/\/blogdoedvaldomagalhaes.com.br\/index.php\/2024\/02\/21\/em-brasilia-governadora-raquel-lyra-discute-acoes-conjuntas-com-representantes-da-construcao-nacional-do-hip-hop\/","title":{"rendered":"Em Bras\u00edlia, governadora Raquel Lyra discute a\u00e7\u00f5es conjuntas com representantes da Constru\u00e7\u00e3o Nacional do Hip-Hop"},"content":{"rendered":"<p>A governadora Raquel Lyra teve um encontro, em Bras\u00edlia, nesta quarta-feira (21), com representantes da Constru\u00e7\u00e3o Nacional da Cultura Hip-Hop de diversos estados brasileiros. Em conversa conjunta com o secret\u00e1rio especial de Assuntos Federativos da Secretaria de Rela\u00e7\u00f5es Institucionais do governo federal, Andr\u00e9 Ceciliano, a gestora e integrantes do movimento discutiram sobre pol\u00edticas p\u00fablicas para as periferias brasileiras e valoriza\u00e7\u00e3o da cultura hip-hop. A reuni\u00e3o aconteceu no gabinete da secretaria nacional, no Pal\u00e1cio do Planalto.<\/p>\n<p>\u201cFoi um encontro importante, porque pudemos ouvir as demandas das pessoas que comp\u00f5em o cen\u00e1rio do hip-hop e reafirmar nosso compromisso com a valoriza\u00e7\u00e3o desse movimento, debatendo futuras a\u00e7\u00f5es em conjunto que devem ser desenvolvidas em nosso Estado. Vem novidade boa por a\u00ed\u201d, destacou a governadora Raquel Lyra.<\/p>\n<p>\u201cEu afirmo a import\u00e2ncia da governadora Raquel Lyra estar lado a lado com o movimento hip-hop de Pernambuco e de todas as cidades que comp\u00f5em o Estado, ouvindo atentamente as reivindica\u00e7\u00f5es das atrizes e atores locais e, principalmente, atenta \u00e0 din\u00e2mica nacional que a Constru\u00e7\u00e3o Nacional da Cultura Hip-Hop tem feito. O nosso encontro foi bastante produtivo\u201d, registrou Rafa Rafuagi, facilitador geral da Constru\u00e7\u00e3o Nacional da Cultura Hip-Hop. <\/p>\n<p>Tamb\u00e9m participaram da reuni\u00e3o o secret\u00e1rio da Casa Civil, T\u00falio Vila\u00e7a, o deputado estadual do Rio de Janeiro Andrezinho Ceciliano, o reitor do Instituto Federal do Rio de Janeiro, Rafael Almada, al\u00e9m de representantes do movimento Constru\u00e7\u00e3o Nacional da Cultura Hip-Hop de v\u00e1rios estados.<br \/>\nFoto: Gil Ferreira\/Ascom-SR<\/p>\n<p>Seja seguidor do Instagram do Blog @blogdoedvaldomagalhaes<\/p>\n","protected":false},"excerpt":{"rendered":"<p>A governadora Raquel Lyra teve um encontro, em Bras\u00edlia, nesta quarta-feira (21), com representantes da Constru\u00e7\u00e3o Nacional da Cultura Hip-Hop&hellip;<\/p>\n","protected":false},"author":1,"featured_media":105663,"comment_status":"closed","ping_status":"open","sticky":false,"template":"","format":"standard","meta":{"footnotes":""},"categories":[14122],"tags":[29440,2,28801,3406,29830,20],"class_list":["post-105662","post","type-post","status-publish","format-standard","has-post-thumbnail","hentry","category-politica","tag-blog-com-mais-visualizacao","tag-blog-do-edvaldo-magalhaes","tag-blog-mais-acessado","tag-caruaru","tag-governadora-raquel-lyra-discute-acoes-conjuntas-com-representantes-da-construcao-nacional-do-hip-hop","tag-politica"],"_links":{"self":[{"href":"https:\/\/blogdoedvaldomagalhaes.com.br\/index.php\/wp-json\/wp\/v2\/posts\/105662","targetHints":{"allow":["GET"]}}],"collection":[{"href":"https:\/\/blogdoedvaldomagalhaes.com.br\/index.php\/wp-json\/wp\/v2\/posts"}],"about":[{"href":"https:\/\/blogdoedvaldomagalhaes.com.br\/index.php\/wp-json\/wp\/v2\/types\/post"}],"author":[{"embeddable":true,"href":"https:\/\/blogdoedvaldomagalhaes.com.br\/index.php\/wp-json\/wp\/v2\/users\/1"}],"replies":[{"embeddable":true,"href":"https:\/\/blogdoedvaldomagalhaes.com.br\/index.php\/wp-json\/wp\/v2\/comments?post=105662"}],"version-history":[{"count":1,"href":"https:\/\/blogdoedvaldomagalhaes.com.br\/index.php\/wp-json\/wp\/v2\/posts\/105662\/revisions"}],"predecessor-version":[{"id":105664,"href":"https:\/\/blogdoedvaldomagalhaes.com.br\/index.php\/wp-json\/wp\/v2\/posts\/105662\/revisions\/105664"}],"wp:featuredmedia":[{"embeddable":true,"href":"https:\/\/blogdoedvaldomagalhaes.com.br\/index.php\/wp-json\/wp\/v2\/media\/105663"}],"wp:attachment":[{"href":"https:\/\/blogdoedvaldomagalhaes.com.br\/index.php\/wp-json\/wp\/v2\/media?parent=105662"}],"wp:term":[{"taxonomy":"category","embeddable":true,"href":"https:\/\/blogdoedvaldomagalhaes.com.br\/index.php\/wp-json\/wp\/v2\/categories?post=105662"},{"taxonomy":"post_tag","embeddable":true,"href":"https:\/\/blogdoedvaldomagalhaes.com.br\/index.php\/wp-json\/wp\/v2\/tags?post=105662"}],"curies":[{"name":"wp","href":"https:\/\/api.w.org\/{rel}","templated":true}]}}