{"id":105656,"date":"2024-02-21T21:10:20","date_gmt":"2024-02-22T00:10:20","guid":{"rendered":"https:\/\/blogdoedvaldomagalhaes.com.br\/?p=105656"},"modified":"2024-02-21T21:10:21","modified_gmt":"2024-02-22T00:10:21","slug":"prefeito-rodrigo-pinheiro-tera-encontro-com-moradores-do-salgado-e-sao-joao-da-escocia-nesta-quinta-22","status":"publish","type":"post","link":"https:\/\/blogdoedvaldomagalhaes.com.br\/index.php\/2024\/02\/21\/prefeito-rodrigo-pinheiro-tera-encontro-com-moradores-do-salgado-e-sao-joao-da-escocia-nesta-quinta-22\/","title":{"rendered":"Prefeito Rodrigo Pinheiro ter\u00e1 encontro com moradores do Salgado e S\u00e3o jo\u00e3o da Esc\u00f3cia, nesta quinta (22)"},"content":{"rendered":"<p>O prefeito Rodrigo Pinheiro realizar\u00e1 um encontro com moradores dos bairros Salgado e S\u00e3o Jo\u00e3o da Esc\u00f3cia, nesta quinta-feira (22), a partir das 19h, na Escola Municipal Professora Laura Flor\u00eancio. O momento faz parte de uma s\u00e9rie de encontros realizados desde janeiro deste ano.<\/p>\n<p>Durante o evento o prefeito escuta as solicita\u00e7\u00f5es e reclama\u00e7\u00f5es dos moradores e, em conversa informal, dialoga com a comunidade. Acompanhado dos secret\u00e1rios municipais, o prefeito encaminha as demandas para as devidas secretarias. <\/p>\n<p>De acordo com o prefeito, esses encontros s\u00e3o muito importantes para que Caruaru continue avan\u00e7ando.  \u201cQuem melhor sabe sobre os problemas e anseios de suas comunidades s\u00e3o os pr\u00f3prios moradores. Vamos continuar ouvindo a popula\u00e7\u00e3o e procurar atender aos seus anseios e necessidades\u201d, completou Rodrigo Pinheiro.<\/p>\n<p>A escola Municipal Professora Laura Flor\u00eancia est\u00e1 localizada na rua Presidente Artur Bernardes, S\/N, bairro Salgado. Foto: Reprodu\u00e7\u00e3o\/Facebook<\/p>\n<p>Seja seguidor do Instagram do Blog @blogdoedvaldomagalhaes<\/p>\n","protected":false},"excerpt":{"rendered":"<p>O prefeito Rodrigo Pinheiro realizar\u00e1 um encontro com moradores dos bairros Salgado e S\u00e3o Jo\u00e3o da Esc\u00f3cia, nesta quinta-feira (22),&hellip;<\/p>\n","protected":false},"author":1,"featured_media":105657,"comment_status":"closed","ping_status":"open","sticky":false,"template":"","format":"standard","meta":{"footnotes":""},"categories":[14122],"tags":[29440,2,28801,3406,20,29828],"class_list":["post-105656","post","type-post","status-publish","format-standard","has-post-thumbnail","hentry","category-politica","tag-blog-com-mais-visualizacao","tag-blog-do-edvaldo-magalhaes","tag-blog-mais-acessado","tag-caruaru","tag-politica","tag-prefeito-rodrigo-pinheiro-tera-encontro-com-moradores-do-salgado-e-sao-joao-da-escocia"],"_links":{"self":[{"href":"https:\/\/blogdoedvaldomagalhaes.com.br\/index.php\/wp-json\/wp\/v2\/posts\/105656","targetHints":{"allow":["GET"]}}],"collection":[{"href":"https:\/\/blogdoedvaldomagalhaes.com.br\/index.php\/wp-json\/wp\/v2\/posts"}],"about":[{"href":"https:\/\/blogdoedvaldomagalhaes.com.br\/index.php\/wp-json\/wp\/v2\/types\/post"}],"author":[{"embeddable":true,"href":"https:\/\/blogdoedvaldomagalhaes.com.br\/index.php\/wp-json\/wp\/v2\/users\/1"}],"replies":[{"embeddable":true,"href":"https:\/\/blogdoedvaldomagalhaes.com.br\/index.php\/wp-json\/wp\/v2\/comments?post=105656"}],"version-history":[{"count":1,"href":"https:\/\/blogdoedvaldomagalhaes.com.br\/index.php\/wp-json\/wp\/v2\/posts\/105656\/revisions"}],"predecessor-version":[{"id":105658,"href":"https:\/\/blogdoedvaldomagalhaes.com.br\/index.php\/wp-json\/wp\/v2\/posts\/105656\/revisions\/105658"}],"wp:featuredmedia":[{"embeddable":true,"href":"https:\/\/blogdoedvaldomagalhaes.com.br\/index.php\/wp-json\/wp\/v2\/media\/105657"}],"wp:attachment":[{"href":"https:\/\/blogdoedvaldomagalhaes.com.br\/index.php\/wp-json\/wp\/v2\/media?parent=105656"}],"wp:term":[{"taxonomy":"category","embeddable":true,"href":"https:\/\/blogdoedvaldomagalhaes.com.br\/index.php\/wp-json\/wp\/v2\/categories?post=105656"},{"taxonomy":"post_tag","embeddable":true,"href":"https:\/\/blogdoedvaldomagalhaes.com.br\/index.php\/wp-json\/wp\/v2\/tags?post=105656"}],"curies":[{"name":"wp","href":"https:\/\/api.w.org\/{rel}","templated":true}]}}