{"id":105653,"date":"2024-02-21T20:54:01","date_gmt":"2024-02-21T23:54:01","guid":{"rendered":"https:\/\/blogdoedvaldomagalhaes.com.br\/?p=105653"},"modified":"2024-02-21T20:54:02","modified_gmt":"2024-02-21T23:54:02","slug":"vacinacao-antirrabica-gratuita-e-adocao-de-caes-e-gatos-nesta-quinta-feira-22-em-caruaru","status":"publish","type":"post","link":"https:\/\/blogdoedvaldomagalhaes.com.br\/index.php\/2024\/02\/21\/vacinacao-antirrabica-gratuita-e-adocao-de-caes-e-gatos-nesta-quinta-feira-22-em-caruaru\/","title":{"rendered":"Vacina\u00e7\u00e3o antirr\u00e1bica gratuita e ado\u00e7\u00e3o de c\u00e3es e gatos, nesta quinta-feira (22), em Caruaru"},"content":{"rendered":"<p>Ser\u00e1 realizada, nesta quinta-feira (22), uma a\u00e7\u00e3o social de vacina\u00e7\u00e3o antirr\u00e1bica para c\u00e3es e gatos, al\u00e9m de ado\u00e7\u00e3o respons\u00e1vel de pets. O evento ser\u00e1 totalmente gratuito e acontecer\u00e1 das 10h \u00e0s 12h e das 13h \u00e0s 15h, na Via Parque, pr\u00f3ximo ao letreiro com o nome Caruaru. A a\u00e7\u00e3o esta sendo promovida pela Escola Brasileira de Profiss\u00f5es (EBP Caruaru) e conta com a parceria da Uni\u00e3o em Defesa e Respeito a Vida Animal (Uderva), Clinivet, Nutriaves e Premier.<\/p>\n<p>Para participar bastar levar o c\u00e3o ou gato, cart\u00e3o de vacina do animal (se tiver) e estar com um tutor maior de 18 anos. A vacina ser\u00e1 aplicada pelos professores e alunos do curso de auxiliar de veterin\u00e1rio para animais de pequeno porte da EBP Caruaru.<\/p>\n<p>A raiva \u00e9 uma doen\u00e7a infecciosa causada por um v\u00edrus que afeta os mam\u00edferos. Uma vez instalada no organismo, a doen\u00e7a atinge, principalmente, o sistema nervoso, causando sintomas como altera\u00e7\u00f5es de comportamento, tendo a agressividade como uma das maiores caracter\u00edsticas. A vacina \u00e9 a principal forma de preven\u00e7\u00e3o da doen\u00e7a.<\/p>\n<p>J\u00e1 para ado\u00e7\u00e3o de c\u00e3es e gatos, as pessoas interessadas devem ser maior de 18 anos, levar documento com foto e comprovante de resid\u00eancia, al\u00e9m de muito amor e disponibilidade para cuidar do animalzinho com responsabilidade.<br \/>\nFoto: Divulga\u00e7\u00e3o<\/p>\n<p>Seja seguidor do Instagram do Blog para comentar @blogdoedvaldomagalhaes<\/p>\n","protected":false},"excerpt":{"rendered":"<p>Ser\u00e1 realizada, nesta quinta-feira (22), uma a\u00e7\u00e3o social de vacina\u00e7\u00e3o antirr\u00e1bica para c\u00e3es e gatos, al\u00e9m de ado\u00e7\u00e3o respons\u00e1vel de&hellip;<\/p>\n","protected":false},"author":1,"featured_media":105654,"comment_status":"closed","ping_status":"open","sticky":false,"template":"","format":"standard","meta":{"footnotes":""},"categories":[14120],"tags":[29440,2,28801,3406,29827],"class_list":["post-105653","post","type-post","status-publish","format-standard","has-post-thumbnail","hentry","category-noticias","tag-blog-com-mais-visualizacao","tag-blog-do-edvaldo-magalhaes","tag-blog-mais-acessado","tag-caruaru","tag-vacinacao-antirrabica-gratuita-e-adocao-de-caes-e-gatos"],"_links":{"self":[{"href":"https:\/\/blogdoedvaldomagalhaes.com.br\/index.php\/wp-json\/wp\/v2\/posts\/105653","targetHints":{"allow":["GET"]}}],"collection":[{"href":"https:\/\/blogdoedvaldomagalhaes.com.br\/index.php\/wp-json\/wp\/v2\/posts"}],"about":[{"href":"https:\/\/blogdoedvaldomagalhaes.com.br\/index.php\/wp-json\/wp\/v2\/types\/post"}],"author":[{"embeddable":true,"href":"https:\/\/blogdoedvaldomagalhaes.com.br\/index.php\/wp-json\/wp\/v2\/users\/1"}],"replies":[{"embeddable":true,"href":"https:\/\/blogdoedvaldomagalhaes.com.br\/index.php\/wp-json\/wp\/v2\/comments?post=105653"}],"version-history":[{"count":1,"href":"https:\/\/blogdoedvaldomagalhaes.com.br\/index.php\/wp-json\/wp\/v2\/posts\/105653\/revisions"}],"predecessor-version":[{"id":105655,"href":"https:\/\/blogdoedvaldomagalhaes.com.br\/index.php\/wp-json\/wp\/v2\/posts\/105653\/revisions\/105655"}],"wp:featuredmedia":[{"embeddable":true,"href":"https:\/\/blogdoedvaldomagalhaes.com.br\/index.php\/wp-json\/wp\/v2\/media\/105654"}],"wp:attachment":[{"href":"https:\/\/blogdoedvaldomagalhaes.com.br\/index.php\/wp-json\/wp\/v2\/media?parent=105653"}],"wp:term":[{"taxonomy":"category","embeddable":true,"href":"https:\/\/blogdoedvaldomagalhaes.com.br\/index.php\/wp-json\/wp\/v2\/categories?post=105653"},{"taxonomy":"post_tag","embeddable":true,"href":"https:\/\/blogdoedvaldomagalhaes.com.br\/index.php\/wp-json\/wp\/v2\/tags?post=105653"}],"curies":[{"name":"wp","href":"https:\/\/api.w.org\/{rel}","templated":true}]}}