{"id":105650,"date":"2024-02-21T20:42:49","date_gmt":"2024-02-21T23:42:49","guid":{"rendered":"https:\/\/blogdoedvaldomagalhaes.com.br\/?p=105650"},"modified":"2024-02-21T20:42:50","modified_gmt":"2024-02-21T23:42:50","slug":"audiencia-publica-ira-debater-problemas-da-diretoria-civel-regional-do-agreste","status":"publish","type":"post","link":"https:\/\/blogdoedvaldomagalhaes.com.br\/index.php\/2024\/02\/21\/audiencia-publica-ira-debater-problemas-da-diretoria-civel-regional-do-agreste\/","title":{"rendered":"Audi\u00eancia P\u00fablica ir\u00e1 debater problemas da Diretoria C\u00edvel Regional do Agreste"},"content":{"rendered":"<p>Atendendo \u00e0s constantes reivindica\u00e7\u00f5es da advocacia da regi\u00e3o sobre os problemas enfrentados no exerc\u00edcio profissional e com o objetivo de assegurar ao cidad\u00e3o uma justi\u00e7a \u00e1gil e resolutiva, a OAB Caruaru solicitou \u00e0 C\u00e2mara de Vereadores a realiza\u00e7\u00e3o de uma Audi\u00eancia P\u00fablica para discutir as dificuldades com a Diretoria C\u00edvel Regional do Agreste, unidade localizada no F\u00f3rum Estadual de Caruaru.<\/p>\n<p>O Poder Legislativo Municipal, em sess\u00e3o ordin\u00e1ria, aceitou o pedido e aprovou, com a unanimidade de votos, a realiza\u00e7\u00e3o da Audi\u00eancia que acontecer\u00e1 no dia 28 de fevereiro, \u00e0s 9h, na C\u00e2mara de Vereadores.\u00a0<\/p>\n<p>O ponto central das discuss\u00f5es levantadas na Audi\u00eancia ser\u00e1 a manuten\u00e7\u00e3o e aprimoramento da Diretoria C\u00edvel Regional do Agreste em Caruaru, como tamb\u00e9m, os problemas que implicam na morosidade processual, agilidade na realiza\u00e7\u00e3o das audi\u00eancias de cust\u00f3dia, entre outros temas que impactam a comunidade jur\u00eddica.<\/p>\n<p>O momento contar\u00e1 com a presen\u00e7a de diversas autoridades, representantes de poderes p\u00fablicos, sociedade civil e advocacia da regi\u00e3o. O espa\u00e7o tamb\u00e9m estar\u00e1 aberto para quem tiver interesse em contribuir com ideias e questionamentos que fortale\u00e7am o funcionamento do judici\u00e1rio. Foto: Divulga\u00e7\u00e3o\/Assessoria<\/p>\n<p>Seja seguidor do Instagram do Blog @blogdoedvaldomagalhaes<\/p>\n","protected":false},"excerpt":{"rendered":"<p>Atendendo \u00e0s constantes reivindica\u00e7\u00f5es da advocacia da regi\u00e3o sobre os problemas enfrentados no exerc\u00edcio profissional e com o objetivo de&hellip;<\/p>\n","protected":false},"author":1,"featured_media":105651,"comment_status":"closed","ping_status":"open","sticky":false,"template":"","format":"standard","meta":{"footnotes":""},"categories":[14120],"tags":[29826,29440,2,28801,3406],"class_list":["post-105650","post","type-post","status-publish","format-standard","has-post-thumbnail","hentry","category-noticias","tag-audiencia-publica-ira-debater-problemas-da-diretoria-civel-regional-do-agreste","tag-blog-com-mais-visualizacao","tag-blog-do-edvaldo-magalhaes","tag-blog-mais-acessado","tag-caruaru"],"_links":{"self":[{"href":"https:\/\/blogdoedvaldomagalhaes.com.br\/index.php\/wp-json\/wp\/v2\/posts\/105650","targetHints":{"allow":["GET"]}}],"collection":[{"href":"https:\/\/blogdoedvaldomagalhaes.com.br\/index.php\/wp-json\/wp\/v2\/posts"}],"about":[{"href":"https:\/\/blogdoedvaldomagalhaes.com.br\/index.php\/wp-json\/wp\/v2\/types\/post"}],"author":[{"embeddable":true,"href":"https:\/\/blogdoedvaldomagalhaes.com.br\/index.php\/wp-json\/wp\/v2\/users\/1"}],"replies":[{"embeddable":true,"href":"https:\/\/blogdoedvaldomagalhaes.com.br\/index.php\/wp-json\/wp\/v2\/comments?post=105650"}],"version-history":[{"count":1,"href":"https:\/\/blogdoedvaldomagalhaes.com.br\/index.php\/wp-json\/wp\/v2\/posts\/105650\/revisions"}],"predecessor-version":[{"id":105652,"href":"https:\/\/blogdoedvaldomagalhaes.com.br\/index.php\/wp-json\/wp\/v2\/posts\/105650\/revisions\/105652"}],"wp:featuredmedia":[{"embeddable":true,"href":"https:\/\/blogdoedvaldomagalhaes.com.br\/index.php\/wp-json\/wp\/v2\/media\/105651"}],"wp:attachment":[{"href":"https:\/\/blogdoedvaldomagalhaes.com.br\/index.php\/wp-json\/wp\/v2\/media?parent=105650"}],"wp:term":[{"taxonomy":"category","embeddable":true,"href":"https:\/\/blogdoedvaldomagalhaes.com.br\/index.php\/wp-json\/wp\/v2\/categories?post=105650"},{"taxonomy":"post_tag","embeddable":true,"href":"https:\/\/blogdoedvaldomagalhaes.com.br\/index.php\/wp-json\/wp\/v2\/tags?post=105650"}],"curies":[{"name":"wp","href":"https:\/\/api.w.org\/{rel}","templated":true}]}}