{"id":105646,"date":"2024-02-21T15:56:52","date_gmt":"2024-02-21T18:56:52","guid":{"rendered":"https:\/\/blogdoedvaldomagalhaes.com.br\/?p=105646"},"modified":"2024-02-21T15:56:53","modified_gmt":"2024-02-21T18:56:53","slug":"caravana-da-saude-e-cidadania-estara-no-bairro-sao-joao-da-escocia","status":"publish","type":"post","link":"https:\/\/blogdoedvaldomagalhaes.com.br\/index.php\/2024\/02\/21\/caravana-da-saude-e-cidadania-estara-no-bairro-sao-joao-da-escocia\/","title":{"rendered":"Caravana da Sa\u00fade e Cidadania estar\u00e1 no bairro S\u00e3o Jo\u00e3o da Esc\u00f3cia"},"content":{"rendered":"<p>A Prefeitura de Caruaru realiza neste s\u00e1bado (24) a Caravana da Sa\u00fade e Cidadania em mais um bairro da cidade. Desta vez, a a\u00e7\u00e3o itinerante ser\u00e1 montada na Rua Maria Antonieta, no Bairro S\u00e3o Jo\u00e3o da Esc\u00f3cia, ao lado da Academia das Cidades. Diversos servi\u00e7os municipais ser\u00e3o ofertados para a popula\u00e7\u00e3o, das 08h \u00e0s 12h. O projeto realizado de modo intersetorial, gerenciado pelas secretarias municipais de Sa\u00fade (SMS) e de Desenvolvimento Social e Direitos Humanos (SDSDH), conta com o apoio das demais secretarias da prefeitura. <\/p>\n<p>Ser\u00e3o disponibilizados servi\u00e7os de sa\u00fade e cidadania, como: atendimento odontol\u00f3gico, atendimento m\u00e9dico, ultrassonografia, mamografia, vacina\u00e7\u00e3o humana, Farmam\u00f3vel (para fornecimento de medicamentos com receita municipal), auriculoterapia e ventosaterapia, vacina\u00e7\u00e3o antirr\u00e1bica animal, distribui\u00e7\u00e3o de peixes para reservat\u00f3rios de \u00e1gua (combate \u00e0 dengue), controle de roedores; atendimentos do Cad\u00danico (Bolsa Fam\u00edlia) e do Sistema de Benef\u00edcios (Sibec), emiss\u00e3o da Carteira do Idoso, orienta\u00e7\u00e3o para Tarifa Social; Balc\u00e3o de Acolhimento \u00e0 Mulher (servi\u00e7os psicossociais e jur\u00eddicos), informa\u00e7\u00f5es sobre os programas Profissionaliza + Mulher e Pr\u00f3-Emprego; orienta\u00e7\u00f5es da URB para regulariza\u00e7\u00e3o de im\u00f3veis, emiss\u00e3o de credenciais de estacionamento para idosos e PCD\u2019s, entre muitos outros.<\/p>\n<p> *Servi\u00e7o:*<br \/>\n. Caravana da Sa\u00fade e Cidadania no Bairro S\u00e3o Jo\u00e3o da Esc\u00f3cia &#8211; Caruaru<br \/>\n. Dia: 24.02.2024 (s\u00e1bado)<br \/>\n. Hora: Das 08h \u00e0s 12h.<br \/>\n. Local: Rua Maria Antonieta, Bairro S\u00e3o Jo\u00e3o da Esc\u00f3cia, ao lado da Academia das Cidades.<br \/>\nFoto: Divulga\u00e7\u00e3o \/ Secom \/ PMC<\/p>\n<p>Seja seguidor do Instagram do Blog @blogdoedvaldomagalhaes<\/p>\n","protected":false},"excerpt":{"rendered":"<p>A Prefeitura de Caruaru realiza neste s\u00e1bado (24) a Caravana da Sa\u00fade e Cidadania em mais um bairro da cidade.&hellip;<\/p>\n","protected":false},"author":1,"featured_media":105647,"comment_status":"closed","ping_status":"open","sticky":false,"template":"","format":"standard","meta":{"footnotes":""},"categories":[14120],"tags":[2,28801,29825,3406],"class_list":["post-105646","post","type-post","status-publish","format-standard","has-post-thumbnail","hentry","category-noticias","tag-blog-do-edvaldo-magalhaes","tag-blog-mais-acessado","tag-caravana-da-saude-e-cidadania-estara-no-bairro-sao-joao-da-escocia","tag-caruaru"],"_links":{"self":[{"href":"https:\/\/blogdoedvaldomagalhaes.com.br\/index.php\/wp-json\/wp\/v2\/posts\/105646","targetHints":{"allow":["GET"]}}],"collection":[{"href":"https:\/\/blogdoedvaldomagalhaes.com.br\/index.php\/wp-json\/wp\/v2\/posts"}],"about":[{"href":"https:\/\/blogdoedvaldomagalhaes.com.br\/index.php\/wp-json\/wp\/v2\/types\/post"}],"author":[{"embeddable":true,"href":"https:\/\/blogdoedvaldomagalhaes.com.br\/index.php\/wp-json\/wp\/v2\/users\/1"}],"replies":[{"embeddable":true,"href":"https:\/\/blogdoedvaldomagalhaes.com.br\/index.php\/wp-json\/wp\/v2\/comments?post=105646"}],"version-history":[{"count":1,"href":"https:\/\/blogdoedvaldomagalhaes.com.br\/index.php\/wp-json\/wp\/v2\/posts\/105646\/revisions"}],"predecessor-version":[{"id":105648,"href":"https:\/\/blogdoedvaldomagalhaes.com.br\/index.php\/wp-json\/wp\/v2\/posts\/105646\/revisions\/105648"}],"wp:featuredmedia":[{"embeddable":true,"href":"https:\/\/blogdoedvaldomagalhaes.com.br\/index.php\/wp-json\/wp\/v2\/media\/105647"}],"wp:attachment":[{"href":"https:\/\/blogdoedvaldomagalhaes.com.br\/index.php\/wp-json\/wp\/v2\/media?parent=105646"}],"wp:term":[{"taxonomy":"category","embeddable":true,"href":"https:\/\/blogdoedvaldomagalhaes.com.br\/index.php\/wp-json\/wp\/v2\/categories?post=105646"},{"taxonomy":"post_tag","embeddable":true,"href":"https:\/\/blogdoedvaldomagalhaes.com.br\/index.php\/wp-json\/wp\/v2\/tags?post=105646"}],"curies":[{"name":"wp","href":"https:\/\/api.w.org\/{rel}","templated":true}]}}