{"id":105642,"date":"2024-02-21T15:23:14","date_gmt":"2024-02-21T18:23:14","guid":{"rendered":"https:\/\/blogdoedvaldomagalhaes.com.br\/?p=105642"},"modified":"2024-02-21T15:26:00","modified_gmt":"2024-02-21T18:26:00","slug":"sustentabilidade-governo-pe-realiza-oficina-para-implementar-economia-regenerativa-no-planejamento-estrategico-do-estado","status":"publish","type":"post","link":"https:\/\/blogdoedvaldomagalhaes.com.br\/index.php\/2024\/02\/21\/sustentabilidade-governo-pe-realiza-oficina-para-implementar-economia-regenerativa-no-planejamento-estrategico-do-estado\/","title":{"rendered":"Sustentabilidade: Governo-PE realiza oficina para implementar Economia Regenerativa no planejamento estrat\u00e9gico do Estado"},"content":{"rendered":"<p>A governadora Raquel Lyra participou nesta quarta (21), da abertura da oficina Planejamento Regenerativo para Economia Pernambucana. Promovido pela Secretaria de Meio Ambiente, Sustentabilidade e Fernando de Noronha (Semas), a iniciativa tem o objetivo de implementar uma nova abordagem para o desenvolvimento econ\u00f4mico, colocando o meio ambiente e a sustentabilidade no centro de todas as decis\u00f5es. O encontro foi realizado no Bairro do Recife. <\/p>\n<p>\u201cJ\u00e1 come\u00e7amos um trabalho de planejamento estrat\u00e9gico de mudan\u00e7a para a transi\u00e7\u00e3o econ\u00f4mica e ecol\u00f3gica de Pernambuco. Temos agido de maneira articulada, junto com a sociedade civil organizada e com a iniciativa privada, para criar uma vis\u00e3o do futuro, nessa nova economia que o mundo exige de n\u00f3s. Para o cumprimento das metas do Acordo de Paris, e das metas dos objetivos de desenvolvimento sustent\u00e1vel do mil\u00eanio da ONU. Tenho certeza de que Pernambuco, mais uma vez, vai se mostrar vanguardista, pioneiro em apresenta\u00e7\u00e3o de alternativas para que a gente tenha uma economia mais sustent\u00e1vel, mais inclusiva e que nos permita ter um relacionamento mais amig\u00e1vel com o meio ambiente\u201d, destacou Raquel Lyra.<\/p>\n<p>A economia sustent\u00e1vel de matriz regenerativa \u00e9 a base de um modelo econ\u00f4mico que se concentra na restaura\u00e7\u00e3o, renova\u00e7\u00e3o e revitaliza\u00e7\u00e3o de recursos naturais, sistemas e comunidades. Ela busca n\u00e3o apenas mitigar os impactos ambientais, mas tamb\u00e9m contribuir para a sa\u00fade dos ecossistemas e a resili\u00eancia das comunidades diante de desafios como as mudan\u00e7as clim\u00e1ticas.<\/p>\n<p>De acordo com a secret\u00e1ria de Meio Ambiente, Sustentabilidade e Fernando de Noronha, Ana Luiza Ferreira, esse planejamento estrat\u00e9gico \u00e9 a base para o Plano Pernambucano de Mudan\u00e7a Econ\u00f4mico-Ecol\u00f3gica, o PerMeie. \u201cO primeiro passo \u00e9 exatamente esse mapeamento que estamos fazendo. At\u00e9 junho, entregaremos um plano de a\u00e7\u00e3o com projetos priorit\u00e1rios para que possamos redirecionar o vetor de desenvolvimento do Estado, que hoje \u00e9 um vetor que aponta para uma economia tradicional, para que a gente passe a ter uma economia com um olhar para o futuro\u201d, enfatizou a secret\u00e1ria.<\/p>\n<p>Durante o evento foram apresentadas as atividades do projeto &#8220;Planejamento Estrat\u00e9gico da Transi\u00e7\u00e3o de Pernambuco para a Economia Regenerativa&#8221;, que est\u00e1 em desenvolvimento pelo Governo do Estado, contando com a orienta\u00e7\u00e3o especializada da Consultoria Econ\u00f4mica e Planejamento (CEPLAN).<\/p>\n<p>\u201cO mundo vive uma transi\u00e7\u00e3o mais cordial entre o homem e a natureza. O nosso trabalho n\u00e3o \u00e9 um trabalho t\u00e9cnico, mas de apoio de um processo de mobiliza\u00e7\u00e3o de mentes e cora\u00e7\u00f5es para que possamos dar essa virada nesse grande desafio que o mundo est\u00e1 passando. Ent\u00e3o, o nosso objetivo \u00e9 inserir Pernambuco nesse novo momento\u201d, ressaltou a economista e s\u00f3cia da CEPLAN, Tania Bacelar.<\/p>\n<p>Estiveram presentes os secret\u00e1rios estaduais Almir Cirilo (Recursos H\u00eddricos), Mauric\u00e9lia Vidal (Ci\u00eancia, Tecnologia e Inova\u00e7\u00e3o) e Fernando Holanda (Assessoria Especial e Rela\u00e7\u00f5es Internacionais); o diretor de Meio Ambiente e Sustentabilidade de Suape, Carlos Andr\u00e9 Cavalcanti e o diretor-presidente da Ag\u00eancia Estadual de Meio Ambiente (CPRH), Jos\u00e9 de Anchieta.<br \/>\nFotos: Miva Filho\/Secom<\/p>\n<p>Seja seguidor do Instagram do Blog @blogdoedvaldomagalhaes<\/p>\n","protected":false},"excerpt":{"rendered":"<p>A governadora Raquel Lyra participou nesta quarta (21), da abertura da oficina Planejamento Regenerativo para Economia Pernambucana. Promovido pela Secretaria&hellip;<\/p>\n","protected":false},"author":1,"featured_media":105645,"comment_status":"closed","ping_status":"open","sticky":false,"template":"","format":"standard","meta":{"footnotes":""},"categories":[14122],"tags":[29440,2,28801,3406,20,1229,29824],"class_list":["post-105642","post","type-post","status-publish","format-standard","has-post-thumbnail","hentry","category-politica","tag-blog-com-mais-visualizacao","tag-blog-do-edvaldo-magalhaes","tag-blog-mais-acessado","tag-caruaru","tag-politica","tag-raquel-lyra","tag-sustentabilidade-governo-pe-realiza-oficina-para-implementar-economia-regenerativa-no-planejamento-estrategico-do-estado"],"_links":{"self":[{"href":"https:\/\/blogdoedvaldomagalhaes.com.br\/index.php\/wp-json\/wp\/v2\/posts\/105642","targetHints":{"allow":["GET"]}}],"collection":[{"href":"https:\/\/blogdoedvaldomagalhaes.com.br\/index.php\/wp-json\/wp\/v2\/posts"}],"about":[{"href":"https:\/\/blogdoedvaldomagalhaes.com.br\/index.php\/wp-json\/wp\/v2\/types\/post"}],"author":[{"embeddable":true,"href":"https:\/\/blogdoedvaldomagalhaes.com.br\/index.php\/wp-json\/wp\/v2\/users\/1"}],"replies":[{"embeddable":true,"href":"https:\/\/blogdoedvaldomagalhaes.com.br\/index.php\/wp-json\/wp\/v2\/comments?post=105642"}],"version-history":[{"count":1,"href":"https:\/\/blogdoedvaldomagalhaes.com.br\/index.php\/wp-json\/wp\/v2\/posts\/105642\/revisions"}],"predecessor-version":[{"id":105643,"href":"https:\/\/blogdoedvaldomagalhaes.com.br\/index.php\/wp-json\/wp\/v2\/posts\/105642\/revisions\/105643"}],"wp:featuredmedia":[{"embeddable":true,"href":"https:\/\/blogdoedvaldomagalhaes.com.br\/index.php\/wp-json\/wp\/v2\/media\/105645"}],"wp:attachment":[{"href":"https:\/\/blogdoedvaldomagalhaes.com.br\/index.php\/wp-json\/wp\/v2\/media?parent=105642"}],"wp:term":[{"taxonomy":"category","embeddable":true,"href":"https:\/\/blogdoedvaldomagalhaes.com.br\/index.php\/wp-json\/wp\/v2\/categories?post=105642"},{"taxonomy":"post_tag","embeddable":true,"href":"https:\/\/blogdoedvaldomagalhaes.com.br\/index.php\/wp-json\/wp\/v2\/tags?post=105642"}],"curies":[{"name":"wp","href":"https:\/\/api.w.org\/{rel}","templated":true}]}}