{"id":105639,"date":"2024-02-21T10:24:09","date_gmt":"2024-02-21T13:24:09","guid":{"rendered":"https:\/\/blogdoedvaldomagalhaes.com.br\/?p=105639"},"modified":"2024-02-21T10:24:10","modified_gmt":"2024-02-21T13:24:10","slug":"vereador-ranilson-enfermeiro-reitera-requerimentos-para-diversos-projetos-solicitando-melhorias-em-bairros-de-caruaru","status":"publish","type":"post","link":"https:\/\/blogdoedvaldomagalhaes.com.br\/index.php\/2024\/02\/21\/vereador-ranilson-enfermeiro-reitera-requerimentos-para-diversos-projetos-solicitando-melhorias-em-bairros-de-caruaru\/","title":{"rendered":"Vereador Ranilson Enfermeiro reitera requerimentos para diversos projetos solicitando melhorias em bairros de Caruaru"},"content":{"rendered":"<p>O vereador Ranilson Enfermeiro reiterou v\u00e1rios requerimentos com diversos projetos importantes<br \/>\npara toda a cidade de Caruaru, solicitando melhorias. Confira abaixo:<\/p>\n<p>1. Cal\u00e7amento na Rua Eduardo Ramos, situado no Loteamento Mestre Vitalino II,<br \/>\nno bairro Alto do Moura, neste munic\u00edpio.<\/p>\n<p>2. Cal\u00e7amento na Rua Jo\u00e3o Belmiro, no Bairro Cidade Alta, neste munic\u00edpio.<\/p>\n<p>3. Solicita a instala\u00e7\u00e3o de um CRAS (Centro de Refer\u00eancia de Assist\u00eancia Social) na<br \/>\nlocalidade do bairro Bara\u00fanas para atender a popula\u00e7\u00e3o dos residenciais Nova York,<br \/>\nVale dos Bara\u00fanas, al\u00e9m dos loteamentos Caru\u00e1 e Mandacaru, neste munic\u00edpio.<\/p>\n<p>4. Solicita a constru\u00e7\u00e3o de uma unidade escolar municipal no Loteamento<br \/>\nMestre Vitalino I, bairro do Alto do Moura, neste munic\u00edpio.<\/p>\n<p>5. Solicita a constru\u00e7\u00e3o de cal\u00e7amento na 2\u00aa Travessa Valdemar Lino Chaves, bairro Cidade Alta, neste munic\u00edpio.<\/p>\n<p>As proposituras foram aprovadas e ser\u00e3o encaminhadas para Sans\u00e3o do Prefeito Rodrigo Pinheiro. Foto: Divulga\u00e7\u00e3o<\/p>\n<p>Seja seguidor do Instagram do Blog @blogdoedvaldomagalhaes<\/p>\n","protected":false},"excerpt":{"rendered":"<p>O vereador Ranilson Enfermeiro reiterou v\u00e1rios requerimentos com diversos projetos importantes para toda a cidade de Caruaru, solicitando melhorias. Confira&hellip;<\/p>\n","protected":false},"author":1,"featured_media":105640,"comment_status":"closed","ping_status":"open","sticky":false,"template":"","format":"standard","meta":{"footnotes":""},"categories":[14122],"tags":[29440,2,28801,3406,20,29823],"class_list":["post-105639","post","type-post","status-publish","format-standard","has-post-thumbnail","hentry","category-politica","tag-blog-com-mais-visualizacao","tag-blog-do-edvaldo-magalhaes","tag-blog-mais-acessado","tag-caruaru","tag-politica","tag-vereador-ranilson-enfermeiro-reitera-requerimentos-para-diversos-projetos-solicitando-melhorias-em-bairros-de-caruaru"],"_links":{"self":[{"href":"https:\/\/blogdoedvaldomagalhaes.com.br\/index.php\/wp-json\/wp\/v2\/posts\/105639","targetHints":{"allow":["GET"]}}],"collection":[{"href":"https:\/\/blogdoedvaldomagalhaes.com.br\/index.php\/wp-json\/wp\/v2\/posts"}],"about":[{"href":"https:\/\/blogdoedvaldomagalhaes.com.br\/index.php\/wp-json\/wp\/v2\/types\/post"}],"author":[{"embeddable":true,"href":"https:\/\/blogdoedvaldomagalhaes.com.br\/index.php\/wp-json\/wp\/v2\/users\/1"}],"replies":[{"embeddable":true,"href":"https:\/\/blogdoedvaldomagalhaes.com.br\/index.php\/wp-json\/wp\/v2\/comments?post=105639"}],"version-history":[{"count":1,"href":"https:\/\/blogdoedvaldomagalhaes.com.br\/index.php\/wp-json\/wp\/v2\/posts\/105639\/revisions"}],"predecessor-version":[{"id":105641,"href":"https:\/\/blogdoedvaldomagalhaes.com.br\/index.php\/wp-json\/wp\/v2\/posts\/105639\/revisions\/105641"}],"wp:featuredmedia":[{"embeddable":true,"href":"https:\/\/blogdoedvaldomagalhaes.com.br\/index.php\/wp-json\/wp\/v2\/media\/105640"}],"wp:attachment":[{"href":"https:\/\/blogdoedvaldomagalhaes.com.br\/index.php\/wp-json\/wp\/v2\/media?parent=105639"}],"wp:term":[{"taxonomy":"category","embeddable":true,"href":"https:\/\/blogdoedvaldomagalhaes.com.br\/index.php\/wp-json\/wp\/v2\/categories?post=105639"},{"taxonomy":"post_tag","embeddable":true,"href":"https:\/\/blogdoedvaldomagalhaes.com.br\/index.php\/wp-json\/wp\/v2\/tags?post=105639"}],"curies":[{"name":"wp","href":"https:\/\/api.w.org\/{rel}","templated":true}]}}