{"id":105625,"date":"2024-02-21T09:57:43","date_gmt":"2024-02-21T12:57:43","guid":{"rendered":"https:\/\/blogdoedvaldomagalhaes.com.br\/?p=105625"},"modified":"2024-02-21T10:15:39","modified_gmt":"2024-02-21T13:15:39","slug":"mototaxista-e-assassinado-a-tiros-dentro-da-propria-casa-em-caruaru","status":"publish","type":"post","link":"https:\/\/blogdoedvaldomagalhaes.com.br\/index.php\/2024\/02\/21\/mototaxista-e-assassinado-a-tiros-dentro-da-propria-casa-em-caruaru\/","title":{"rendered":"Mototaxista \u00e9 assassinado a tiros dentro da pr\u00f3pria casa em Caruaru"},"content":{"rendered":"<p>Por volta das 07h da manh\u00e3 desta quarta-feira (21.02), o mototaxista Jadielson Leandro da Silva (foto abaixo), de 39 anos, casado, conhecido como \u201cJadiel mototaxista\u201d, \u00a0foi assassinado quando estava dormindo na pr\u00f3pria casa na rua <span style=\"font-size: revert;\">Ant\u00f4nio Manoel da Silva, no bairro Vassoural, em Caruaru.<\/span><\/p>\n<p><span style=\"font-size: revert;\">Segundo informa\u00e7\u00f5es , dois indiv\u00edduos ainda n\u00e3o identificados usando capacetes, invadiram a resid\u00eancia e efetuaram v\u00e1rios disparos de arma de fogo, em seguida tomaram destino ignorado.<\/span><\/p>\n<p>A Pol\u00edcia Militar fez o isolamento da \u00e1rea, a equipe da Delegacia de Homic\u00eddios juntamente com o Instituto de Criminal\u00edstica &#8211; IC, est\u00e3o no local. Ap\u00f3s o levantamento cadav\u00e9rico o corpo vai ser encaminhado para o IML.<\/p>\n<p>Este foi o 12\u2022 homic\u00eddio no m\u00eas de fevereiro, e o 21\u2022 no ano de 2025, em Caruaru.<\/p>\n<p>Seja seguidor do Instagram do Blog, para comentar @blogdoedvaldomagalhaes<\/p>\n\n\n<figure class=\"wp-block-image size-full is-resized\"><img loading=\"lazy\" decoding=\"async\" width=\"434\" height=\"500\" src=\"https:\/\/blogdoedvaldomagalhaes.com.br\/wp-content\/uploads\/2024\/02\/99a6c3bb-62fd-4459-baae-f2c12d650abf.jpeg\" alt=\"\" class=\"wp-image-105634\" style=\"width:488px;height:auto\" srcset=\"https:\/\/blogdoedvaldomagalhaes.com.br\/wp-content\/uploads\/2024\/02\/99a6c3bb-62fd-4459-baae-f2c12d650abf.jpeg 434w, https:\/\/blogdoedvaldomagalhaes.com.br\/wp-content\/uploads\/2024\/02\/99a6c3bb-62fd-4459-baae-f2c12d650abf-260x300.jpeg 260w\" sizes=\"auto, (max-width: 434px) 100vw, 434px\" \/><\/figure>\n","protected":false},"excerpt":{"rendered":"<p>Por volta das 07h da manh\u00e3 desta quarta-feira (21.02), o mototaxista Jadielson Leandro da Silva (foto abaixo), de 39 anos,&hellip;<\/p>\n","protected":false},"author":1,"featured_media":105626,"comment_status":"closed","ping_status":"open","sticky":false,"template":"","format":"standard","meta":{"footnotes":""},"categories":[14121],"tags":[29440,2,28801,3406,5448],"class_list":["post-105625","post","type-post","status-publish","format-standard","has-post-thumbnail","hentry","category-policial","tag-blog-com-mais-visualizacao","tag-blog-do-edvaldo-magalhaes","tag-blog-mais-acessado","tag-caruaru","tag-homicidio"],"_links":{"self":[{"href":"https:\/\/blogdoedvaldomagalhaes.com.br\/index.php\/wp-json\/wp\/v2\/posts\/105625","targetHints":{"allow":["GET"]}}],"collection":[{"href":"https:\/\/blogdoedvaldomagalhaes.com.br\/index.php\/wp-json\/wp\/v2\/posts"}],"about":[{"href":"https:\/\/blogdoedvaldomagalhaes.com.br\/index.php\/wp-json\/wp\/v2\/types\/post"}],"author":[{"embeddable":true,"href":"https:\/\/blogdoedvaldomagalhaes.com.br\/index.php\/wp-json\/wp\/v2\/users\/1"}],"replies":[{"embeddable":true,"href":"https:\/\/blogdoedvaldomagalhaes.com.br\/index.php\/wp-json\/wp\/v2\/comments?post=105625"}],"version-history":[{"count":7,"href":"https:\/\/blogdoedvaldomagalhaes.com.br\/index.php\/wp-json\/wp\/v2\/posts\/105625\/revisions"}],"predecessor-version":[{"id":105638,"href":"https:\/\/blogdoedvaldomagalhaes.com.br\/index.php\/wp-json\/wp\/v2\/posts\/105625\/revisions\/105638"}],"wp:featuredmedia":[{"embeddable":true,"href":"https:\/\/blogdoedvaldomagalhaes.com.br\/index.php\/wp-json\/wp\/v2\/media\/105626"}],"wp:attachment":[{"href":"https:\/\/blogdoedvaldomagalhaes.com.br\/index.php\/wp-json\/wp\/v2\/media?parent=105625"}],"wp:term":[{"taxonomy":"category","embeddable":true,"href":"https:\/\/blogdoedvaldomagalhaes.com.br\/index.php\/wp-json\/wp\/v2\/categories?post=105625"},{"taxonomy":"post_tag","embeddable":true,"href":"https:\/\/blogdoedvaldomagalhaes.com.br\/index.php\/wp-json\/wp\/v2\/tags?post=105625"}],"curies":[{"name":"wp","href":"https:\/\/api.w.org\/{rel}","templated":true}]}}