{"id":105622,"date":"2024-02-21T08:20:20","date_gmt":"2024-02-21T11:20:20","guid":{"rendered":"https:\/\/blogdoedvaldomagalhaes.com.br\/?p=105622"},"modified":"2024-02-21T08:20:21","modified_gmt":"2024-02-21T11:20:21","slug":"abertas-novas-vagas-para-o-desenvolvimento-de-pessoas-com-deficiencia-a-partir-de-praticas-esportivas-em-caruaru","status":"publish","type":"post","link":"https:\/\/blogdoedvaldomagalhaes.com.br\/index.php\/2024\/02\/21\/abertas-novas-vagas-para-o-desenvolvimento-de-pessoas-com-deficiencia-a-partir-de-praticas-esportivas-em-caruaru\/","title":{"rendered":"Abertas novas vagas para o desenvolvimento de pessoas com defici\u00eancia a partir de pr\u00e1ticas esportivas em Caruaru"},"content":{"rendered":"<p>A Prefeitura de Caruaru, por meio da Secretaria de Desenvolvimento Social e Direitos Humanos (SDSDH) e Servi\u00e7o de Inclus\u00e3o Social para Pessoa com Defici\u00eancia (SISPD), em parceria com a SDSDH\/N\u00facleo Esportivo, abre novas vagas para os projetos \u201cMergulhando na Inclus\u00e3o\u201d e \u201cJud\u00f4 Inclusivo\u201d, projetos voltados ao desenvolvimento de pessoas com defici\u00eancia a partir de atividades aqu\u00e1ticas e jud\u00f4.<\/p>\n<p>O Mergulhando na Inclus\u00e3o ter\u00e1 20 vagas \u00e0 disposi\u00e7\u00e3o. J\u00e1 o projeto Jud\u00f4 Inclusivo, ter\u00e1 15 novas vagas, ambos, com faixa et\u00e1ria a partir dos cinco anos de idade. As inscri\u00e7\u00f5es ir\u00e3o de 21 a 23 de fevereiro, das 8h \u00e0s 16h, por meio do n\u00famero da SISPD (81) 9.8384-5652.<\/p>\n<p>Mais informa\u00e7\u00f5es sobre dia e hor\u00e1rio das aulas ser\u00e3o passadas nas datas destinadas \u00e0s inscri\u00e7\u00f5es, bem como a documenta\u00e7\u00e3o necess\u00e1ria para efetiva\u00e7\u00e3o da matr\u00edcula, a exemplo do laudo que ateste a defici\u00eancia.<br \/>\nAs pessoas surdas poder\u00e3o se inscrever via mensagem de texto pelo whatsapp, obedecendo as datas e hor\u00e1rio de inscri\u00e7\u00e3o.<\/p>\n<p>\u201cEstamos sempre em busca de ofertar novas possibilidades de desenvolvimento para os mun\u00edcipes com defici\u00eancia de nossa Caruaru; assim a prefeitura vem a potencializar os projetos Mergulhando na Inclus\u00e3o e Jud\u00f4 Inclusivo. Entendemos que precisamos acolher todas as faixas et\u00e1rias, ao modo que as vagas estar\u00e3o divididas de acordo com a idade e as \u00e1reas de defici\u00eancia; promovendo um maior desenvolvimento individual e coletivo\u201d, comentou o coordenador de Promo\u00e7\u00e3o \u00e0 Pessoa com Defici\u00eancia, Marcos Gerv\u00e1sio.<\/p>\n<p>Seja seguidor do Instagram do Blog @blogdoedvaldomagalhaes<\/p>\n","protected":false},"excerpt":{"rendered":"<p>A Prefeitura de Caruaru, por meio da Secretaria de Desenvolvimento Social e Direitos Humanos (SDSDH) e Servi\u00e7o de Inclus\u00e3o Social&hellip;<\/p>\n","protected":false},"author":1,"featured_media":105623,"comment_status":"closed","ping_status":"open","sticky":false,"template":"","format":"standard","meta":{"footnotes":""},"categories":[14120],"tags":[29822,29440,2,28801,3406],"class_list":["post-105622","post","type-post","status-publish","format-standard","has-post-thumbnail","hentry","category-noticias","tag-abertas-novas-vagas-para-o-desenvolvimento-de-pessoas-com-deficiencia-a-partir-de-praticas-esportivas-em-caruaru","tag-blog-com-mais-visualizacao","tag-blog-do-edvaldo-magalhaes","tag-blog-mais-acessado","tag-caruaru"],"_links":{"self":[{"href":"https:\/\/blogdoedvaldomagalhaes.com.br\/index.php\/wp-json\/wp\/v2\/posts\/105622","targetHints":{"allow":["GET"]}}],"collection":[{"href":"https:\/\/blogdoedvaldomagalhaes.com.br\/index.php\/wp-json\/wp\/v2\/posts"}],"about":[{"href":"https:\/\/blogdoedvaldomagalhaes.com.br\/index.php\/wp-json\/wp\/v2\/types\/post"}],"author":[{"embeddable":true,"href":"https:\/\/blogdoedvaldomagalhaes.com.br\/index.php\/wp-json\/wp\/v2\/users\/1"}],"replies":[{"embeddable":true,"href":"https:\/\/blogdoedvaldomagalhaes.com.br\/index.php\/wp-json\/wp\/v2\/comments?post=105622"}],"version-history":[{"count":1,"href":"https:\/\/blogdoedvaldomagalhaes.com.br\/index.php\/wp-json\/wp\/v2\/posts\/105622\/revisions"}],"predecessor-version":[{"id":105624,"href":"https:\/\/blogdoedvaldomagalhaes.com.br\/index.php\/wp-json\/wp\/v2\/posts\/105622\/revisions\/105624"}],"wp:featuredmedia":[{"embeddable":true,"href":"https:\/\/blogdoedvaldomagalhaes.com.br\/index.php\/wp-json\/wp\/v2\/media\/105623"}],"wp:attachment":[{"href":"https:\/\/blogdoedvaldomagalhaes.com.br\/index.php\/wp-json\/wp\/v2\/media?parent=105622"}],"wp:term":[{"taxonomy":"category","embeddable":true,"href":"https:\/\/blogdoedvaldomagalhaes.com.br\/index.php\/wp-json\/wp\/v2\/categories?post=105622"},{"taxonomy":"post_tag","embeddable":true,"href":"https:\/\/blogdoedvaldomagalhaes.com.br\/index.php\/wp-json\/wp\/v2\/tags?post=105622"}],"curies":[{"name":"wp","href":"https:\/\/api.w.org\/{rel}","templated":true}]}}