{"id":105616,"date":"2024-02-20T23:12:11","date_gmt":"2024-02-21T02:12:11","guid":{"rendered":"https:\/\/blogdoedvaldomagalhaes.com.br\/?p=105616"},"modified":"2024-02-20T23:12:12","modified_gmt":"2024-02-21T02:12:12","slug":"policia-federal-atua-contra-empresa-de-seguro-fraudulento-em-pe-rn-e-ce","status":"publish","type":"post","link":"https:\/\/blogdoedvaldomagalhaes.com.br\/index.php\/2024\/02\/20\/policia-federal-atua-contra-empresa-de-seguro-fraudulento-em-pe-rn-e-ce\/","title":{"rendered":"Pol\u00edcia Federal atua contra empresa de seguro fraudulento em PE, RN e CE"},"content":{"rendered":"<p><span style=\"font-size: revert;\">A Pol\u00edcia Federal deflagrou, na manh\u00e3 desta ter\u00e7a-feira, 20\/02, a Opera\u00e7\u00e3o \u00c9gide, para apurar suposto crime contra o Sistema Financeiro Nacional perpetrado por uma empresa com representa\u00e7\u00e3o em Pernambuco, Rio Grande do Norte e Cear\u00e1 que estaria oferecendo seguros automotivos, sem a devida autoriza\u00e7\u00e3o da SUSEP-Superintend\u00eancia de Seguros Privados.<\/span><\/p>\n<p>Est\u00e3o sendo cumpridos 07 (sete) mandados de busca e apreens\u00e3o, sendo 02 (dois) em Campo Grande-Recife\/PE, 01 (um) Espinheiro-Recife\/PE, 01 (um) Piedade-Jaboat\u00e3o dos Guararapes\/PE, 01 (um) Lagoa Nova-Natal\/RN, 01 (um) Touros\/RN e 01 (um) Fortaleza\/CE.<\/p>\n<p>As buscas e apreens\u00f5es visam levantar informa\u00e7\u00f5es que possam esclarecer\/fortalecer os v\u00ednculos entre os investigados, constatar o real envolvimento deles e de novas pessoas e com o esquema, bem como localizar planilhas ou outros documentos, inclusive em m\u00eddias, que indiquem o modus operandi de todos os envolvidos e a individualiza\u00e7\u00e3o de condutas dos investigados.<\/p>\n<p>A palavra \u00c9gide vem da mitologia grega que significa escudo de Palas Atena e, em sentido figurado, \u00e9 o que protege, ampara, cujo nome \u00e9 uma express\u00e3o latina que significa literalmente &#8220;coisa do povo&#8221;, &#8220;coisa p\u00fablica&#8221;.<\/p>\n<p>Os crimes em tese cometidos s\u00e3o o de gerir fraudulentamente institui\u00e7\u00e3o financeira (3 a 12 de reclus\u00e3o) e fazer operar, sem a devida autoriza\u00e7\u00e3o, institui\u00e7\u00e3o financeira, (1 a 4 anos) cujos crimes est\u00e3o previstos nos artigos 4 e 16 da Lei 7.492\/1986. Foto: Divulga\u00e7\u00e3o<\/p>\n<p>Seja seguidor do Instagram do Blog @blogdoedvaldomagalhaes<\/p>\n","protected":false},"excerpt":{"rendered":"<p>A Pol\u00edcia Federal deflagrou, na manh\u00e3 desta ter\u00e7a-feira, 20\/02, a Opera\u00e7\u00e3o \u00c9gide, para apurar suposto crime contra o Sistema Financeiro&hellip;<\/p>\n","protected":false},"author":1,"featured_media":105617,"comment_status":"closed","ping_status":"open","sticky":false,"template":"","format":"standard","meta":{"footnotes":""},"categories":[14121],"tags":[29440,2,3406,29819,29820],"class_list":["post-105616","post","type-post","status-publish","format-standard","has-post-thumbnail","hentry","category-policial","tag-blog-com-mais-visualizacao","tag-blog-do-edvaldo-magalhaes","tag-caruaru","tag-policia-federal-atua-contra-empresa-de-seguro-fraudulento-em-pe","tag-rn-e-ce"],"_links":{"self":[{"href":"https:\/\/blogdoedvaldomagalhaes.com.br\/index.php\/wp-json\/wp\/v2\/posts\/105616","targetHints":{"allow":["GET"]}}],"collection":[{"href":"https:\/\/blogdoedvaldomagalhaes.com.br\/index.php\/wp-json\/wp\/v2\/posts"}],"about":[{"href":"https:\/\/blogdoedvaldomagalhaes.com.br\/index.php\/wp-json\/wp\/v2\/types\/post"}],"author":[{"embeddable":true,"href":"https:\/\/blogdoedvaldomagalhaes.com.br\/index.php\/wp-json\/wp\/v2\/users\/1"}],"replies":[{"embeddable":true,"href":"https:\/\/blogdoedvaldomagalhaes.com.br\/index.php\/wp-json\/wp\/v2\/comments?post=105616"}],"version-history":[{"count":1,"href":"https:\/\/blogdoedvaldomagalhaes.com.br\/index.php\/wp-json\/wp\/v2\/posts\/105616\/revisions"}],"predecessor-version":[{"id":105618,"href":"https:\/\/blogdoedvaldomagalhaes.com.br\/index.php\/wp-json\/wp\/v2\/posts\/105616\/revisions\/105618"}],"wp:featuredmedia":[{"embeddable":true,"href":"https:\/\/blogdoedvaldomagalhaes.com.br\/index.php\/wp-json\/wp\/v2\/media\/105617"}],"wp:attachment":[{"href":"https:\/\/blogdoedvaldomagalhaes.com.br\/index.php\/wp-json\/wp\/v2\/media?parent=105616"}],"wp:term":[{"taxonomy":"category","embeddable":true,"href":"https:\/\/blogdoedvaldomagalhaes.com.br\/index.php\/wp-json\/wp\/v2\/categories?post=105616"},{"taxonomy":"post_tag","embeddable":true,"href":"https:\/\/blogdoedvaldomagalhaes.com.br\/index.php\/wp-json\/wp\/v2\/tags?post=105616"}],"curies":[{"name":"wp","href":"https:\/\/api.w.org\/{rel}","templated":true}]}}