{"id":105612,"date":"2024-02-20T20:42:32","date_gmt":"2024-02-20T23:42:32","guid":{"rendered":"https:\/\/blogdoedvaldomagalhaes.com.br\/?p=105612"},"modified":"2024-02-20T20:42:33","modified_gmt":"2024-02-20T23:42:33","slug":"caruaru-tem-nova-estrategia-para-vacinacao-contra-a-covid-19-confira","status":"publish","type":"post","link":"https:\/\/blogdoedvaldomagalhaes.com.br\/index.php\/2024\/02\/20\/caruaru-tem-nova-estrategia-para-vacinacao-contra-a-covid-19-confira\/","title":{"rendered":"Caruaru tem nova estrat\u00e9gia para vacina\u00e7\u00e3o contra a Covid-19; Confira"},"content":{"rendered":"<p>Ap\u00f3s recomenda\u00e7\u00e3o do Minist\u00e9rio da Sa\u00fade (MS), a Secretaria de Sa\u00fade de Caruaru (SMS) passou a adotar uma nova estrat\u00e9gia preconizada pelo \u00f3rg\u00e3o para a vacina\u00e7\u00e3o contra a Covid-19 em 2024. A estrat\u00e9gia foi ampliada para mais grupos priorit\u00e1rios, al\u00e9m das crian\u00e7as de seis meses a menores de cinco anos de idade, que passaram a ter a vacina inclu\u00edda no Calend\u00e1rio Nacional de Vacina\u00e7\u00e3o. Pessoas mais suscet\u00edveis foram inclu\u00eddas na vacina\u00e7\u00e3o peri\u00f3dica, com esquemas bem espec\u00edficos. <\/p>\n<p>Sendo assim, temos os seguintes esquemas vacinais por grupos priorit\u00e1rios definidos:<\/p>\n<p>. Para pessoas sem comorbidades n\u00e3o vacinadas:<br \/>\nO esquema vacinal \u00e9: Dose 1 e Dose 2 no intervalo de 30 dias. <\/p>\n<p>. Para quem faz parte do grupo que inclui:<br \/>\n&#8211; Gestantes, idosos, pu\u00e9rperas e imunossuprimidos;<br \/>\n&#8211;  transplantados de \u00f3rg\u00e3os s\u00f3lidos ou de medula \u00f3ssea;<br \/>\n&#8211;  pessoas vivendo com HIV\/AIDS;<br \/>\n&#8211; portadores de imunodefici\u00eancia prim\u00e1ria grave;<br \/>\n&#8211; quem faz quimioterapia ou radioterapia para c\u00e2ncer;<br \/>\n&#8211; quem tem doen\u00e7as inflamat\u00f3rias imunomediadas, em atividade e em uso de dose de prednisona ou equivalente a maior que 10 mg\/dia;<br \/>\n&#8211; pacientes com condi\u00e7\u00f5es autoinflamat\u00f3rias e doen\u00e7as intestinais inflamat\u00f3rias;<br \/>\n&#8211; pacientes em hemodia\u0301lise;<br \/>\n&#8211; pacientes com doenc\u0327as imunomediadas inflamato\u0301rias cro\u0302nicas;<br \/>\n&#8211; neoplasias hematol\u00f3gicas.<br \/>\nO esquema vacinal \u00e9: Dose de refor\u00e7o a cada 6 meses, a partir da \u00faltima dose administrada (independente do esquema vacinal anterior); <\/p>\n<p>. J\u00e1 para quem faz parte do grupo que inclui:<br \/>\n&#8211; Trabalhadores da sa\u00fade;<br \/>\n&#8211; pessoas com comorbidades;<br \/>\n&#8211; pessoas com defici\u00eancia permanente;<br \/>\n&#8211; funcion\u00e1rios do sistema de priva\u00e7\u00e3o de liberdade;<br \/>\n&#8211; pessoas privadas de liberdade;<br \/>\n&#8211; pessoas em situa\u00e7\u00e3o de rua;<br \/>\n&#8211; pessoas vivendo em institui\u00e7\u00f5es de longa perman\u00eancia;<br \/>\n&#8211; quilombolas;<br \/>\n&#8211; ind\u00edgenas;<br \/>\n&#8211; adolescentes e jovens em medidas socioeducativas;<br \/>\nO esquema vacinal \u00e9: Dose de refor\u00e7o a cada 1 ano, a partir de \u00faltima dose administrada (independente do esquema anterior).<\/p>\n<p>Para aquelas pessoas sem comorbidades, que j\u00e1 foram vacinadas com duas doses, a recomenda\u00e7\u00e3o \u00e9 encerrar o esquema vacinal e n\u00e3o realizar doses de refor\u00e7o. <\/p>\n<p>A vacina contra a Covid-19 pode ser encontrada no Complexo de Sa\u00fade Jacqueline Fernandes, que fica localizado no localizado na Rua Djalma Dutra, s\/n\u00ba, bairro Nossa Senhora das Dores (no mesmo quarteir\u00e3o do Col\u00e9gio Sagrado Cora\u00e7\u00e3o) e no Complexo do Salgado Dr. Ant\u00f4nio Vieira, localizado na Rua Presidente Artur Bernardes, no bairro do Salgado, de segunda-feira \u00e0 sexta-feira das 8h \u00e0s 16h. As demais Unidades B\u00e1sicas de Sa\u00fade (UBS\u2019s) espalhadas pelo munic\u00edpio tamb\u00e9m vacinaram, de acordo com o cronograma de atendimento. \u00c9 necess\u00e1rio levar o Cart\u00e3o De Vacina e CPF ou cart\u00e3o do SUS. Foto: Jorge Farias \/ Secom \/ PMC<\/p>\n<p>Seja seguidor do Instagram do Blog @blogdoedvaldomagalhaes<\/p>\n","protected":false},"excerpt":{"rendered":"<p>Ap\u00f3s recomenda\u00e7\u00e3o do Minist\u00e9rio da Sa\u00fade (MS), a Secretaria de Sa\u00fade de Caruaru (SMS) passou a adotar uma nova estrat\u00e9gia&hellip;<\/p>\n","protected":false},"author":1,"featured_media":105613,"comment_status":"closed","ping_status":"open","sticky":false,"template":"","format":"standard","meta":{"footnotes":""},"categories":[14120],"tags":[29440,2,3406,29818],"class_list":["post-105612","post","type-post","status-publish","format-standard","has-post-thumbnail","hentry","category-noticias","tag-blog-com-mais-visualizacao","tag-blog-do-edvaldo-magalhaes","tag-caruaru","tag-caruaru-tem-nova-estrategia-para-vacinacao-contra-a-covid-19-confira"],"_links":{"self":[{"href":"https:\/\/blogdoedvaldomagalhaes.com.br\/index.php\/wp-json\/wp\/v2\/posts\/105612","targetHints":{"allow":["GET"]}}],"collection":[{"href":"https:\/\/blogdoedvaldomagalhaes.com.br\/index.php\/wp-json\/wp\/v2\/posts"}],"about":[{"href":"https:\/\/blogdoedvaldomagalhaes.com.br\/index.php\/wp-json\/wp\/v2\/types\/post"}],"author":[{"embeddable":true,"href":"https:\/\/blogdoedvaldomagalhaes.com.br\/index.php\/wp-json\/wp\/v2\/users\/1"}],"replies":[{"embeddable":true,"href":"https:\/\/blogdoedvaldomagalhaes.com.br\/index.php\/wp-json\/wp\/v2\/comments?post=105612"}],"version-history":[{"count":1,"href":"https:\/\/blogdoedvaldomagalhaes.com.br\/index.php\/wp-json\/wp\/v2\/posts\/105612\/revisions"}],"predecessor-version":[{"id":105614,"href":"https:\/\/blogdoedvaldomagalhaes.com.br\/index.php\/wp-json\/wp\/v2\/posts\/105612\/revisions\/105614"}],"wp:featuredmedia":[{"embeddable":true,"href":"https:\/\/blogdoedvaldomagalhaes.com.br\/index.php\/wp-json\/wp\/v2\/media\/105613"}],"wp:attachment":[{"href":"https:\/\/blogdoedvaldomagalhaes.com.br\/index.php\/wp-json\/wp\/v2\/media?parent=105612"}],"wp:term":[{"taxonomy":"category","embeddable":true,"href":"https:\/\/blogdoedvaldomagalhaes.com.br\/index.php\/wp-json\/wp\/v2\/categories?post=105612"},{"taxonomy":"post_tag","embeddable":true,"href":"https:\/\/blogdoedvaldomagalhaes.com.br\/index.php\/wp-json\/wp\/v2\/tags?post=105612"}],"curies":[{"name":"wp","href":"https:\/\/api.w.org\/{rel}","templated":true}]}}