{"id":1056,"date":"2018-10-08T00:01:00","date_gmt":"2018-10-08T03:01:00","guid":{"rendered":"http:\/\/blogdoedvaldomagalhaes.com.br\/index.php\/2018\/10\/08\/paulo-camara-e-reeleito-governador-de\/"},"modified":"2019-02-09T02:34:25","modified_gmt":"2019-02-09T04:34:25","slug":"paulo-camara-e-reeleito-governador-de","status":"publish","type":"post","link":"https:\/\/blogdoedvaldomagalhaes.com.br\/index.php\/2018\/10\/08\/paulo-camara-e-reeleito-governador-de\/","title":{"rendered":"Paulo C\u00e2mara \u00e9 reeleito governador de Pernambuco"},"content":{"rendered":"<div class=\"separator\" style=\"clear: both; text-align: center;\">\n<a href=\"https:\/\/2.bp.blogspot.com\/-OqiLudacl7I\/W7qeIABrnlI\/AAAAAAAA7cQ\/ppKbYYI2fBUHK4K6h6CEYLaMwMQpIZC9ACLcBGAs\/s1600\/Paulo-C%25C3%25A2mara.jpg\" imageanchor=\"1\" style=\"margin-left: 1em; margin-right: 1em;\"><img loading=\"lazy\" decoding=\"async\" border=\"0\" data-original-height=\"393\" data-original-width=\"590\" height=\"426\" src=\"http:\/\/blogdoedvaldomagalhaes.com.br\/wp-content\/uploads\/2018\/10\/Paulo-CC3A2mara.jpg\" width=\"640\" \/><\/a><\/div>\n<p><\/p>\n<div style=\"text-align: justify;\">\nCom 50,70% dos votos v\u00e1lidos, Paulo C\u00e2mara (PSB) foi reeleito governador de Pernambuco. Ele obteve mais de 1 milh\u00e3o e 900 mil votos, quase 600 mil a mais que o segundo colocado, Armando Monteiro (PTB), que obteve 36% dos votos v\u00e1lidos.&nbsp;Foi a segunda derrota consecutiva de Armando para C\u00e2mara.&nbsp;Paulo fez uma campanha afirmando que fez muito com o pouco que tinha, devido \u00e0 crise que o pa\u00eds passa.<\/p>\n<p>Paulo Henrique Saraiva C\u00e2mara, tem 46 anos, \u00e9 recifense, formado em Economia pela Universidade Federal de Pernambuco, especialista em Contabilidade e Controladoria Governamental e mestre em Gest\u00e3o P\u00fablica tamb\u00e9m por esta universidade.<\/p>\n<p>Ele j\u00e1 trabalhou no Banco do Brasil, Tribunal de Contas do Estado, Tribunal de Justi\u00e7a de Pernambuco, C\u00e2mara de Vereadores de Recife, em 2007 assumiu a Secretaria de Administra\u00e7\u00e3o de Pernambuco, em 2010 a Secretaria de Turismo e em 2011 a da Fazenda.<\/p><\/div>\n","protected":false},"excerpt":{"rendered":"<p>Com 50,70% dos votos v\u00e1lidos, Paulo C\u00e2mara (PSB) foi reeleito governador de Pernambuco. Ele obteve mais de 1 milh\u00e3o e&hellip;<\/p>\n","protected":false},"author":1,"featured_media":0,"comment_status":"open","ping_status":"open","sticky":false,"template":"","format":"standard","meta":{"footnotes":""},"categories":[1],"tags":[2,999,1000,20,381],"class_list":["post-1056","post","type-post","status-publish","format-standard","hentry","category-sem-categoria","tag-blog-do-edvaldo-magalhaes","tag-paulo-camara","tag-paulo-camara-e-reeleito-governador-de-pernambuco","tag-politica","tag-psb"],"_links":{"self":[{"href":"https:\/\/blogdoedvaldomagalhaes.com.br\/index.php\/wp-json\/wp\/v2\/posts\/1056","targetHints":{"allow":["GET"]}}],"collection":[{"href":"https:\/\/blogdoedvaldomagalhaes.com.br\/index.php\/wp-json\/wp\/v2\/posts"}],"about":[{"href":"https:\/\/blogdoedvaldomagalhaes.com.br\/index.php\/wp-json\/wp\/v2\/types\/post"}],"author":[{"embeddable":true,"href":"https:\/\/blogdoedvaldomagalhaes.com.br\/index.php\/wp-json\/wp\/v2\/users\/1"}],"replies":[{"embeddable":true,"href":"https:\/\/blogdoedvaldomagalhaes.com.br\/index.php\/wp-json\/wp\/v2\/comments?post=1056"}],"version-history":[{"count":1,"href":"https:\/\/blogdoedvaldomagalhaes.com.br\/index.php\/wp-json\/wp\/v2\/posts\/1056\/revisions"}],"predecessor-version":[{"id":34780,"href":"https:\/\/blogdoedvaldomagalhaes.com.br\/index.php\/wp-json\/wp\/v2\/posts\/1056\/revisions\/34780"}],"wp:attachment":[{"href":"https:\/\/blogdoedvaldomagalhaes.com.br\/index.php\/wp-json\/wp\/v2\/media?parent=1056"}],"wp:term":[{"taxonomy":"category","embeddable":true,"href":"https:\/\/blogdoedvaldomagalhaes.com.br\/index.php\/wp-json\/wp\/v2\/categories?post=1056"},{"taxonomy":"post_tag","embeddable":true,"href":"https:\/\/blogdoedvaldomagalhaes.com.br\/index.php\/wp-json\/wp\/v2\/tags?post=1056"}],"curies":[{"name":"wp","href":"https:\/\/api.w.org\/{rel}","templated":true}]}}